{"id":1289,"date":"2016-05-04T09:31:38","date_gmt":"2016-05-04T08:31:38","guid":{"rendered":"https:\/\/ecole-stjoseph-saffre.fr\/?p=1289"},"modified":"2016-05-04T09:57:07","modified_gmt":"2016-05-04T08:57:07","slug":"cross-des-ecoles","status":"publish","type":"post","link":"https:\/\/ecole-stjoseph-saffre.fr\/?p=1289","title":{"rendered":"Cross des \u00e9coles"},"content":{"rendered":"<p>Le 25 septembre, nous avons fait le cross du coll\u00e8ge \u00e0 Nozay . Il y avait d&#8217;autres \u00e9coles: Nozay, La Grigonnais, Abbaretz ,Puceul \u00a0 &#8230;<\/p>\n<p>Il y avait les cm1, cm2, 6\u00e8me, 5\u00e8me, 4\u00e8me et les 3\u00e8me. Nous nous sommes beaucoup entrain\u00e9s.<br \/>\nLa course a commenc\u00e9 sur une ligne de d\u00e9part .<\/p>\n<p><a href=\"https:\/\/ecole-stjoseph-saffre.fr\/wp-content\/uploads\/2016\/02\/CM1-Cross-5.jpg\"><img loading=\"lazy\" decoding=\"async\" class=\"size-medium wp-image-1360 alignleft\" src=\"https:\/\/ecole-stjoseph-saffre.fr\/wp-content\/uploads\/2016\/02\/CM1-Cross-5-300x225.jpg\" alt=\"CM1-Cross (5)\" width=\"300\" height=\"225\" srcset=\"https:\/\/ecole-stjoseph-saffre.fr\/wp-content\/uploads\/2016\/02\/CM1-Cross-5-300x225.jpg 300w, https:\/\/ecole-stjoseph-saffre.fr\/wp-content\/uploads\/2016\/02\/CM1-Cross-5-768x576.jpg 768w, https:\/\/ecole-stjoseph-saffre.fr\/wp-content\/uploads\/2016\/02\/CM1-Cross-5-1024x768.jpg 1024w, https:\/\/ecole-stjoseph-saffre.fr\/wp-content\/uploads\/2016\/02\/CM1-Cross-5-960x720.jpg 960w, https:\/\/ecole-stjoseph-saffre.fr\/wp-content\/uploads\/2016\/02\/CM1-Cross-5-480x360.jpg 480w, https:\/\/ecole-stjoseph-saffre.fr\/wp-content\/uploads\/2016\/02\/CM1-Cross-5-320x240.jpg 320w, https:\/\/ecole-stjoseph-saffre.fr\/wp-content\/uploads\/2016\/02\/CM1-Cross-5-240x180.jpg 240w, https:\/\/ecole-stjoseph-saffre.fr\/wp-content\/uploads\/2016\/02\/CM1-Cross-5.jpg 2048w\" sizes=\"(max-width: 300px) 100vw, 300px\" \/><\/a><\/p>\n<p>Antoine a fini premier et Yanis deuxi\u00e8me de la course des CM1 gar\u00e7ons .<\/p>\n<p>A la fin, apr\u00e8s la course, nous avons eu une pomme et un chocolat chaud <a href=\"https:\/\/ecole-stjoseph-saffre.fr\/wp-content\/uploads\/2016\/02\/CM1-Cross-1.jpg\"><img loading=\"lazy\" decoding=\"async\" class=\"size-medium wp-image-1356 alignleft\" src=\"https:\/\/ecole-stjoseph-saffre.fr\/wp-content\/uploads\/2016\/02\/CM1-Cross-1-300x225.jpg\" alt=\"CM1-Cross (1)\" width=\"300\" height=\"225\" srcset=\"https:\/\/ecole-stjoseph-saffre.fr\/wp-content\/uploads\/2016\/02\/CM1-Cross-1-300x225.jpg 300w, https:\/\/ecole-stjoseph-saffre.fr\/wp-content\/uploads\/2016\/02\/CM1-Cross-1-768x576.jpg 768w, https:\/\/ecole-stjoseph-saffre.fr\/wp-content\/uploads\/2016\/02\/CM1-Cross-1-1024x768.jpg 1024w, https:\/\/ecole-stjoseph-saffre.fr\/wp-content\/uploads\/2016\/02\/CM1-Cross-1-960x720.jpg 960w, https:\/\/ecole-stjoseph-saffre.fr\/wp-content\/uploads\/2016\/02\/CM1-Cross-1-480x360.jpg 480w, https:\/\/ecole-stjoseph-saffre.fr\/wp-content\/uploads\/2016\/02\/CM1-Cross-1-320x240.jpg 320w, https:\/\/ecole-stjoseph-saffre.fr\/wp-content\/uploads\/2016\/02\/CM1-Cross-1-240x180.jpg 240w, https:\/\/ecole-stjoseph-saffre.fr\/wp-content\/uploads\/2016\/02\/CM1-Cross-1.jpg 2048w\" sizes=\"(max-width: 300px) 100vw, 300px\" \/><\/a>.<\/p>\n<p>&nbsp;<\/p>\n<p>&nbsp;<\/p>\n<p>&nbsp;<\/p>\n<p>&nbsp;<\/p>\n<p>&nbsp;<\/p>\n<p style=\"text-align: left\">Ensuite, nous avons pris le car pour retourner \u00e0 l&#8217;\u00e9cole.<\/p>\n<p style=\"text-align: left\">Cl\u00e9mence.C, Oriane et Susie.<\/p>\n","protected":false},"excerpt":{"rendered":"<p>Le 25 septembre, nous avons fait le cross du coll\u00e8ge \u00e0 Nozay . Il y avait d&#8217;autres \u00e9coles: Nozay, La Grigonnais, Abbaretz ,Puceul \u00a0 &#8230; Il y avait les cm1, cm2, 6\u00e8me, 5\u00e8me, 4\u00e8me et les 3\u00e8me. Nous nous sommes beaucoup entrain\u00e9s. La course a commenc\u00e9 sur une ligne de d\u00e9part . Antoine a fini&hellip; <br \/> <a class=\"read-more\" href=\"https:\/\/ecole-stjoseph-saffre.fr\/?p=1289\">Lire la suite<\/a><\/p>\n","protected":false},"author":7,"featured_media":0,"comment_status":"closed","ping_status":"closed","sticky":false,"template":"","format":"standard","meta":{"ngg_post_thumbnail":0,"footnotes":""},"categories":[5],"tags":[41],"_links":{"self":[{"href":"https:\/\/ecole-stjoseph-saffre.fr\/index.php?rest_route=\/wp\/v2\/posts\/1289"}],"collection":[{"href":"https:\/\/ecole-stjoseph-saffre.fr\/index.php?rest_route=\/wp\/v2\/posts"}],"about":[{"href":"https:\/\/ecole-stjoseph-saffre.fr\/index.php?rest_route=\/wp\/v2\/types\/post"}],"author":[{"embeddable":true,"href":"https:\/\/ecole-stjoseph-saffre.fr\/index.php?rest_route=\/wp\/v2\/users\/7"}],"replies":[{"embeddable":true,"href":"https:\/\/ecole-stjoseph-saffre.fr\/index.php?rest_route=%2Fwp%2Fv2%2Fcomments&post=1289"}],"version-history":[{"count":0,"href":"https:\/\/ecole-stjoseph-saffre.fr\/index.php?rest_route=\/wp\/v2\/posts\/1289\/revisions"}],"wp:attachment":[{"href":"https:\/\/ecole-stjoseph-saffre.fr\/index.php?rest_route=%2Fwp%2Fv2%2Fmedia&parent=1289"}],"wp:term":[{"taxonomy":"category","embeddable":true,"href":"https:\/\/ecole-stjoseph-saffre.fr\/index.php?rest_route=%2Fwp%2Fv2%2Fcategories&post=1289"},{"taxonomy":"post_tag","embeddable":true,"href":"https:\/\/ecole-stjoseph-saffre.fr\/index.php?rest_route=%2Fwp%2Fv2%2Ftags&post=1289"}],"curies":[{"name":"wp","href":"https:\/\/api.w.org\/{rel}","templated":true}]}}