{"id":1303,"date":"2016-03-17T15:00:15","date_gmt":"2016-03-17T14:00:15","guid":{"rendered":"https:\/\/ecole-stjoseph-saffre.fr\/?p=1303"},"modified":"2016-03-17T15:00:15","modified_gmt":"2016-03-17T14:00:15","slug":"chateau-et-soleil","status":"publish","type":"post","link":"https:\/\/ecole-stjoseph-saffre.fr\/?p=1303","title":{"rendered":"Ch\u00e2teau et Soleil"},"content":{"rendered":"<p>En arts visuels, nous avons \u00e9tudi\u00e9 l\u2019\u0153uvre &#8220;Ch\u00e2teau et soleil&#8221;.<br \/>\nNous avons beaucoup aim\u00e9.<br \/>\nCe tableau a \u00e9t\u00e9 peint par Paul KLEE.<br \/>\nIl est compos\u00e9 de formes: des triangles, des carr\u00e9s, des rectangles et des cercles.<\/p>\n<p>Le peintre est n\u00e9 le 18 d\u00e9cembre 1879 et il est mort le 29 juin 1940.<br \/>\nIl a r\u00e9alis\u00e9 l\u2019\u0153uvre &#8220;ch\u00e2teau et soleil&#8221; en 1928.<br \/>\nIl est d&#8217;origine allemande et il a rencontr\u00e9 Kandinsky.<\/p>\n<p><a href=\"https:\/\/ecole-stjoseph-saffre.fr\/wp-content\/uploads\/2016\/02\/CM1-chateau_et_soleil_klee1.jpg\" rel=\"attachment wp-att-1368\"><img loading=\"lazy\" decoding=\"async\" class=\"aligncenter size-medium wp-image-1368\" src=\"https:\/\/ecole-stjoseph-saffre.fr\/wp-content\/uploads\/2016\/02\/CM1-chateau_et_soleil_klee1-300x250.jpg\" alt=\"CM1-chateau_et_soleil_klee1\" width=\"300\" height=\"250\" srcset=\"https:\/\/ecole-stjoseph-saffre.fr\/wp-content\/uploads\/2016\/02\/CM1-chateau_et_soleil_klee1-300x250.jpg 300w, https:\/\/ecole-stjoseph-saffre.fr\/wp-content\/uploads\/2016\/02\/CM1-chateau_et_soleil_klee1.jpg 320w\" sizes=\"(max-width: 300px) 100vw, 300px\" \/><\/a><\/p>\n<p>Youna et Romane<\/p>\n<p>&nbsp;<\/p>\n","protected":false},"excerpt":{"rendered":"<p>En arts visuels, nous avons \u00e9tudi\u00e9 l\u2019\u0153uvre &#8220;Ch\u00e2teau et soleil&#8221;. Nous avons beaucoup aim\u00e9. Ce tableau a \u00e9t\u00e9 peint par Paul KLEE. Il est compos\u00e9 de formes: des triangles, des carr\u00e9s, des rectangles et des cercles. Le peintre est n\u00e9 le 18 d\u00e9cembre 1879 et il est mort le 29 juin 1940. Il a r\u00e9alis\u00e9&hellip; <br \/> <a class=\"read-more\" href=\"https:\/\/ecole-stjoseph-saffre.fr\/?p=1303\">Lire la suite<\/a><\/p>\n","protected":false},"author":7,"featured_media":0,"comment_status":"closed","ping_status":"closed","sticky":false,"template":"","format":"standard","meta":{"ngg_post_thumbnail":0,"footnotes":""},"categories":[5],"tags":[],"_links":{"self":[{"href":"https:\/\/ecole-stjoseph-saffre.fr\/index.php?rest_route=\/wp\/v2\/posts\/1303"}],"collection":[{"href":"https:\/\/ecole-stjoseph-saffre.fr\/index.php?rest_route=\/wp\/v2\/posts"}],"about":[{"href":"https:\/\/ecole-stjoseph-saffre.fr\/index.php?rest_route=\/wp\/v2\/types\/post"}],"author":[{"embeddable":true,"href":"https:\/\/ecole-stjoseph-saffre.fr\/index.php?rest_route=\/wp\/v2\/users\/7"}],"replies":[{"embeddable":true,"href":"https:\/\/ecole-stjoseph-saffre.fr\/index.php?rest_route=%2Fwp%2Fv2%2Fcomments&post=1303"}],"version-history":[{"count":0,"href":"https:\/\/ecole-stjoseph-saffre.fr\/index.php?rest_route=\/wp\/v2\/posts\/1303\/revisions"}],"wp:attachment":[{"href":"https:\/\/ecole-stjoseph-saffre.fr\/index.php?rest_route=%2Fwp%2Fv2%2Fmedia&parent=1303"}],"wp:term":[{"taxonomy":"category","embeddable":true,"href":"https:\/\/ecole-stjoseph-saffre.fr\/index.php?rest_route=%2Fwp%2Fv2%2Fcategories&post=1303"},{"taxonomy":"post_tag","embeddable":true,"href":"https:\/\/ecole-stjoseph-saffre.fr\/index.php?rest_route=%2Fwp%2Fv2%2Ftags&post=1303"}],"curies":[{"name":"wp","href":"https:\/\/api.w.org\/{rel}","templated":true}]}}