{"id":1511,"date":"2016-03-17T14:55:59","date_gmt":"2016-03-17T13:55:59","guid":{"rendered":"https:\/\/ecole-stjoseph-saffre.fr\/?p=1511"},"modified":"2016-03-17T14:55:59","modified_gmt":"2016-03-17T13:55:59","slug":"oeuvre-de-la-semaine-n3","status":"publish","type":"post","link":"https:\/\/ecole-stjoseph-saffre.fr\/?p=1511","title":{"rendered":"\u0152uvre de la semaine n\u00b03"},"content":{"rendered":"<p>Th\u00e8me de la 3 \u00e8me semaine une \u0153uvre musicale de Georges Brassens<\/p>\n<p>Voici l\u2019\u0153uvre pr\u00e9f\u00e9r\u00e9e de la classe: Le gorille<\/p>\n<p><a href=\"https:\/\/ecole-stjoseph-saffre.fr\/wp-content\/uploads\/2016\/03\/CM1-03-Oeuvre-Brassens.jpg\" rel=\"attachment wp-att-1516\"><img loading=\"lazy\" decoding=\"async\" class=\"aligncenter size-medium wp-image-1516\" src=\"https:\/\/ecole-stjoseph-saffre.fr\/wp-content\/uploads\/2016\/03\/CM1-03-Oeuvre-Brassens-300x300.jpg\" alt=\"CM1-03-Oeuvre-Brassens\" width=\"300\" height=\"300\" srcset=\"https:\/\/ecole-stjoseph-saffre.fr\/wp-content\/uploads\/2016\/03\/CM1-03-Oeuvre-Brassens-300x300.jpg 300w, https:\/\/ecole-stjoseph-saffre.fr\/wp-content\/uploads\/2016\/03\/CM1-03-Oeuvre-Brassens-150x150.jpg 150w, https:\/\/ecole-stjoseph-saffre.fr\/wp-content\/uploads\/2016\/03\/CM1-03-Oeuvre-Brassens-320x320.jpg 320w, https:\/\/ecole-stjoseph-saffre.fr\/wp-content\/uploads\/2016\/03\/CM1-03-Oeuvre-Brassens-240x240.jpg 240w, https:\/\/ecole-stjoseph-saffre.fr\/wp-content\/uploads\/2016\/03\/CM1-03-Oeuvre-Brassens.jpg 340w\" sizes=\"(max-width: 300px) 100vw, 300px\" \/><\/a><\/p>\n<p>&nbsp;<\/p>\n<p>Mat\u00e9o, Justine, Camille, Romuald<\/p>\n","protected":false},"excerpt":{"rendered":"<p>Th\u00e8me de la 3 \u00e8me semaine une \u0153uvre musicale de Georges Brassens Voici l\u2019\u0153uvre pr\u00e9f\u00e9r\u00e9e de la classe: Le gorille &nbsp; Mat\u00e9o, Justine, Camille, Romuald<\/p>\n","protected":false},"author":7,"featured_media":0,"comment_status":"closed","ping_status":"closed","sticky":false,"template":"","format":"standard","meta":{"ngg_post_thumbnail":0,"footnotes":""},"categories":[5],"tags":[],"_links":{"self":[{"href":"https:\/\/ecole-stjoseph-saffre.fr\/index.php?rest_route=\/wp\/v2\/posts\/1511"}],"collection":[{"href":"https:\/\/ecole-stjoseph-saffre.fr\/index.php?rest_route=\/wp\/v2\/posts"}],"about":[{"href":"https:\/\/ecole-stjoseph-saffre.fr\/index.php?rest_route=\/wp\/v2\/types\/post"}],"author":[{"embeddable":true,"href":"https:\/\/ecole-stjoseph-saffre.fr\/index.php?rest_route=\/wp\/v2\/users\/7"}],"replies":[{"embeddable":true,"href":"https:\/\/ecole-stjoseph-saffre.fr\/index.php?rest_route=%2Fwp%2Fv2%2Fcomments&post=1511"}],"version-history":[{"count":0,"href":"https:\/\/ecole-stjoseph-saffre.fr\/index.php?rest_route=\/wp\/v2\/posts\/1511\/revisions"}],"wp:attachment":[{"href":"https:\/\/ecole-stjoseph-saffre.fr\/index.php?rest_route=%2Fwp%2Fv2%2Fmedia&parent=1511"}],"wp:term":[{"taxonomy":"category","embeddable":true,"href":"https:\/\/ecole-stjoseph-saffre.fr\/index.php?rest_route=%2Fwp%2Fv2%2Fcategories&post=1511"},{"taxonomy":"post_tag","embeddable":true,"href":"https:\/\/ecole-stjoseph-saffre.fr\/index.php?rest_route=%2Fwp%2Fv2%2Ftags&post=1511"}],"curies":[{"name":"wp","href":"https:\/\/api.w.org\/{rel}","templated":true}]}}