{"id":1531,"date":"2016-03-25T15:52:19","date_gmt":"2016-03-25T14:52:19","guid":{"rendered":"https:\/\/ecole-stjoseph-saffre.fr\/?p=1531"},"modified":"2016-03-25T15:52:19","modified_gmt":"2016-03-25T14:52:19","slug":"oeuvre-de-la-semaine-n4","status":"publish","type":"post","link":"https:\/\/ecole-stjoseph-saffre.fr\/?p=1531","title":{"rendered":"\u0152uvre de la semaine n\u00b04"},"content":{"rendered":"<p>Th\u00e8me de la 4 \u00e8me\u00a0 semaine : une cath\u00e9drale de style gothique<\/p>\n<p>Voici l\u2019\u0153uvre pr\u00e9f\u00e9r\u00e9e de la classe: il duomo di Milano,\u00a0 la cath\u00e9drale de la Nativit\u00e9-de-la-Sainte-Vierge de Milan, en Italie.<\/p>\n<p><a href=\"https:\/\/ecole-stjoseph-saffre.fr\/wp-content\/uploads\/2016\/03\/CM1-Oeuvre-04-Cath\u00e9drale-Milan.jpg\" rel=\"attachment wp-att-1537\"><img loading=\"lazy\" decoding=\"async\" class=\"aligncenter size-full wp-image-1537\" src=\"https:\/\/ecole-stjoseph-saffre.fr\/wp-content\/uploads\/2016\/03\/CM1-Oeuvre-04-Cath\u00e9drale-Milan.jpg\" alt=\"CM1-Oeuvre-04-Cath\u00e9drale-Milan\" width=\"280\" height=\"186\" srcset=\"https:\/\/ecole-stjoseph-saffre.fr\/wp-content\/uploads\/2016\/03\/CM1-Oeuvre-04-Cath\u00e9drale-Milan.jpg 280w, https:\/\/ecole-stjoseph-saffre.fr\/wp-content\/uploads\/2016\/03\/CM1-Oeuvre-04-Cath\u00e9drale-Milan-240x160.jpg 240w\" sizes=\"(max-width: 280px) 100vw, 280px\" \/><\/a><\/p>\n<p>Yanis, Alexis, Romane, Youna<\/p>\n","protected":false},"excerpt":{"rendered":"<p>Th\u00e8me de la 4 \u00e8me\u00a0 semaine : une cath\u00e9drale de style gothique Voici l\u2019\u0153uvre pr\u00e9f\u00e9r\u00e9e de la classe: il duomo di Milano,\u00a0 la cath\u00e9drale de la Nativit\u00e9-de-la-Sainte-Vierge de Milan, en Italie. Yanis, Alexis, Romane, Youna<\/p>\n","protected":false},"author":7,"featured_media":0,"comment_status":"closed","ping_status":"closed","sticky":false,"template":"","format":"standard","meta":{"ngg_post_thumbnail":0,"footnotes":""},"categories":[5],"tags":[],"_links":{"self":[{"href":"https:\/\/ecole-stjoseph-saffre.fr\/index.php?rest_route=\/wp\/v2\/posts\/1531"}],"collection":[{"href":"https:\/\/ecole-stjoseph-saffre.fr\/index.php?rest_route=\/wp\/v2\/posts"}],"about":[{"href":"https:\/\/ecole-stjoseph-saffre.fr\/index.php?rest_route=\/wp\/v2\/types\/post"}],"author":[{"embeddable":true,"href":"https:\/\/ecole-stjoseph-saffre.fr\/index.php?rest_route=\/wp\/v2\/users\/7"}],"replies":[{"embeddable":true,"href":"https:\/\/ecole-stjoseph-saffre.fr\/index.php?rest_route=%2Fwp%2Fv2%2Fcomments&post=1531"}],"version-history":[{"count":0,"href":"https:\/\/ecole-stjoseph-saffre.fr\/index.php?rest_route=\/wp\/v2\/posts\/1531\/revisions"}],"wp:attachment":[{"href":"https:\/\/ecole-stjoseph-saffre.fr\/index.php?rest_route=%2Fwp%2Fv2%2Fmedia&parent=1531"}],"wp:term":[{"taxonomy":"category","embeddable":true,"href":"https:\/\/ecole-stjoseph-saffre.fr\/index.php?rest_route=%2Fwp%2Fv2%2Fcategories&post=1531"},{"taxonomy":"post_tag","embeddable":true,"href":"https:\/\/ecole-stjoseph-saffre.fr\/index.php?rest_route=%2Fwp%2Fv2%2Ftags&post=1531"}],"curies":[{"name":"wp","href":"https:\/\/api.w.org\/{rel}","templated":true}]}}