{"id":1543,"date":"2016-04-22T14:52:54","date_gmt":"2016-04-22T13:52:54","guid":{"rendered":"https:\/\/ecole-stjoseph-saffre.fr\/?p=1543"},"modified":"2016-04-22T14:52:54","modified_gmt":"2016-04-22T13:52:54","slug":"oeuvre-de-la-semaine-n5","status":"publish","type":"post","link":"https:\/\/ecole-stjoseph-saffre.fr\/?p=1543","title":{"rendered":"\u0152uvre de la semaine n\u00b05"},"content":{"rendered":"<p>Th\u00e8me de la 5\u00e8me semaine: un paysage en peinture<br \/>\nVoici l\u2019\u0153uvre pr\u00e9f\u00e9r\u00e9 de la classe : Le r\u00eave du Douanier Rousseau<\/p>\n<p><a href=\"https:\/\/ecole-stjoseph-saffre.fr\/wp-content\/uploads\/2016\/04\/CM1-05-Reve-DouanierRousseau.jpg\"><img loading=\"lazy\" decoding=\"async\" class=\"size-medium wp-image-1627 alignleft\" src=\"https:\/\/ecole-stjoseph-saffre.fr\/wp-content\/uploads\/2016\/04\/CM1-05-Reve-DouanierRousseau-300x225.jpg\" alt=\"CM1-05-Reve-DouanierRousseau\" width=\"300\" height=\"225\" srcset=\"https:\/\/ecole-stjoseph-saffre.fr\/wp-content\/uploads\/2016\/04\/CM1-05-Reve-DouanierRousseau-300x225.jpg 300w, https:\/\/ecole-stjoseph-saffre.fr\/wp-content\/uploads\/2016\/04\/CM1-05-Reve-DouanierRousseau-768x576.jpg 768w, https:\/\/ecole-stjoseph-saffre.fr\/wp-content\/uploads\/2016\/04\/CM1-05-Reve-DouanierRousseau-480x360.jpg 480w, https:\/\/ecole-stjoseph-saffre.fr\/wp-content\/uploads\/2016\/04\/CM1-05-Reve-DouanierRousseau-320x240.jpg 320w, https:\/\/ecole-stjoseph-saffre.fr\/wp-content\/uploads\/2016\/04\/CM1-05-Reve-DouanierRousseau-240x180.jpg 240w, https:\/\/ecole-stjoseph-saffre.fr\/wp-content\/uploads\/2016\/04\/CM1-05-Reve-DouanierRousseau.jpg 800w\" sizes=\"(max-width: 300px) 100vw, 300px\" \/><\/a><\/p>\n<p>&nbsp;<\/p>\n<p>&nbsp;<\/p>\n<p>&nbsp;<\/p>\n<p>&nbsp;<\/p>\n<p>Pierre &#8211; Marie, Cl\u00e9mence.C, Julie et Maelys<\/p>\n","protected":false},"excerpt":{"rendered":"<p>Th\u00e8me de la 5\u00e8me semaine: un paysage en peinture Voici l\u2019\u0153uvre pr\u00e9f\u00e9r\u00e9 de la classe : Le r\u00eave du Douanier Rousseau &nbsp; &nbsp; &nbsp; &nbsp; Pierre &#8211; Marie, Cl\u00e9mence.C, Julie et Maelys<\/p>\n","protected":false},"author":7,"featured_media":0,"comment_status":"closed","ping_status":"closed","sticky":false,"template":"","format":"standard","meta":{"ngg_post_thumbnail":0,"footnotes":""},"categories":[5],"tags":[],"_links":{"self":[{"href":"https:\/\/ecole-stjoseph-saffre.fr\/index.php?rest_route=\/wp\/v2\/posts\/1543"}],"collection":[{"href":"https:\/\/ecole-stjoseph-saffre.fr\/index.php?rest_route=\/wp\/v2\/posts"}],"about":[{"href":"https:\/\/ecole-stjoseph-saffre.fr\/index.php?rest_route=\/wp\/v2\/types\/post"}],"author":[{"embeddable":true,"href":"https:\/\/ecole-stjoseph-saffre.fr\/index.php?rest_route=\/wp\/v2\/users\/7"}],"replies":[{"embeddable":true,"href":"https:\/\/ecole-stjoseph-saffre.fr\/index.php?rest_route=%2Fwp%2Fv2%2Fcomments&post=1543"}],"version-history":[{"count":0,"href":"https:\/\/ecole-stjoseph-saffre.fr\/index.php?rest_route=\/wp\/v2\/posts\/1543\/revisions"}],"wp:attachment":[{"href":"https:\/\/ecole-stjoseph-saffre.fr\/index.php?rest_route=%2Fwp%2Fv2%2Fmedia&parent=1543"}],"wp:term":[{"taxonomy":"category","embeddable":true,"href":"https:\/\/ecole-stjoseph-saffre.fr\/index.php?rest_route=%2Fwp%2Fv2%2Fcategories&post=1543"},{"taxonomy":"post_tag","embeddable":true,"href":"https:\/\/ecole-stjoseph-saffre.fr\/index.php?rest_route=%2Fwp%2Fv2%2Ftags&post=1543"}],"curies":[{"name":"wp","href":"https:\/\/api.w.org\/{rel}","templated":true}]}}