{"id":1550,"date":"2016-04-18T07:46:06","date_gmt":"2016-04-18T06:46:06","guid":{"rendered":"https:\/\/ecole-stjoseph-saffre.fr\/?p=1550"},"modified":"2016-04-18T07:46:06","modified_gmt":"2016-04-18T06:46:06","slug":"nouvelle-collecte-textile-le-1er-juin-prochain","status":"publish","type":"post","link":"https:\/\/ecole-stjoseph-saffre.fr\/?p=1550","title":{"rendered":"Nouvelle collecte textile le 1er juin prochain"},"content":{"rendered":"<h3 style=\"text-align: center;\"><strong>NE JETEZ PLUS !<\/strong><\/h3>\n<h4 style=\"text-align: center;\">Vos v\u00eatements, votre linge de maison et vos chaussures&#8230;<\/h4>\n<h4 style=\"text-align: center;\">Devant le vif succ\u00e8s de notre collecte de janvier, une deuxi\u00e8me collecte aura lieu :<\/h4>\n<h2 style=\"text-align: center;\"><strong>mercredi 1er juin entre\u00a08h30 et 9h00<\/strong><\/h2>\n<h4 style=\"text-align: center;\">Des sacs rouges vous seront prochainement distribu\u00e9s.\u00a0Une fois remplis il ne faudra d\u00e9poser ces sacs \u00e0 l&#8217;\u00e9cole que la veille ou le matin m\u00eame de la collecte.<\/h4>\n","protected":false},"excerpt":{"rendered":"<p>NE JETEZ PLUS ! Vos v\u00eatements, votre linge de maison et vos chaussures&#8230; Devant le vif succ\u00e8s de notre collecte de janvier, une deuxi\u00e8me collecte aura lieu : mercredi 1er juin entre\u00a08h30 et 9h00 Des sacs rouges vous seront prochainement distribu\u00e9s.\u00a0Une fois remplis il ne faudra d\u00e9poser ces sacs \u00e0 l&#8217;\u00e9cole que la veille ou&hellip; <br \/> <a class=\"read-more\" href=\"https:\/\/ecole-stjoseph-saffre.fr\/?p=1550\">Lire la suite<\/a><\/p>\n","protected":false},"author":10,"featured_media":0,"comment_status":"closed","ping_status":"closed","sticky":false,"template":"","format":"standard","meta":{"ngg_post_thumbnail":0,"footnotes":""},"categories":[13],"tags":[],"_links":{"self":[{"href":"https:\/\/ecole-stjoseph-saffre.fr\/index.php?rest_route=\/wp\/v2\/posts\/1550"}],"collection":[{"href":"https:\/\/ecole-stjoseph-saffre.fr\/index.php?rest_route=\/wp\/v2\/posts"}],"about":[{"href":"https:\/\/ecole-stjoseph-saffre.fr\/index.php?rest_route=\/wp\/v2\/types\/post"}],"author":[{"embeddable":true,"href":"https:\/\/ecole-stjoseph-saffre.fr\/index.php?rest_route=\/wp\/v2\/users\/10"}],"replies":[{"embeddable":true,"href":"https:\/\/ecole-stjoseph-saffre.fr\/index.php?rest_route=%2Fwp%2Fv2%2Fcomments&post=1550"}],"version-history":[{"count":0,"href":"https:\/\/ecole-stjoseph-saffre.fr\/index.php?rest_route=\/wp\/v2\/posts\/1550\/revisions"}],"wp:attachment":[{"href":"https:\/\/ecole-stjoseph-saffre.fr\/index.php?rest_route=%2Fwp%2Fv2%2Fmedia&parent=1550"}],"wp:term":[{"taxonomy":"category","embeddable":true,"href":"https:\/\/ecole-stjoseph-saffre.fr\/index.php?rest_route=%2Fwp%2Fv2%2Fcategories&post=1550"},{"taxonomy":"post_tag","embeddable":true,"href":"https:\/\/ecole-stjoseph-saffre.fr\/index.php?rest_route=%2Fwp%2Fv2%2Ftags&post=1550"}],"curies":[{"name":"wp","href":"https:\/\/api.w.org\/{rel}","templated":true}]}}