{"id":1579,"date":"2016-04-15T19:05:58","date_gmt":"2016-04-15T18:05:58","guid":{"rendered":"https:\/\/ecole-stjoseph-saffre.fr\/?p=1579"},"modified":"2016-04-15T19:05:58","modified_gmt":"2016-04-15T18:05:58","slug":"marche-de-printemps","status":"publish","type":"post","link":"https:\/\/ecole-stjoseph-saffre.fr\/?p=1579","title":{"rendered":"March\u00e9 de printemps"},"content":{"rendered":"<p>Pour le march\u00e9 de printemps, nous avons r\u00e9alis\u00e9 des sabl\u00e9s en classe.<\/p>\n<p>Quel plaisir de cuisiner et de r\u00e9aliser toutes ces jolies formes gr\u00e2ce aux nombreux emporte-pi\u00e8ces apport\u00e9s&#8230;<\/p>\n<p><a href=\"https:\/\/ecole-stjoseph-saffre.fr\/wp-content\/uploads\/2016\/04\/DSC_0012.jpg\" rel=\"attachment wp-att-1581\"><img loading=\"lazy\" decoding=\"async\" class=\"alignright size-medium wp-image-1581\" src=\"https:\/\/ecole-stjoseph-saffre.fr\/wp-content\/uploads\/2016\/04\/DSC_0012-300x225.jpg\" alt=\"DSC_0012\" width=\"300\" height=\"225\" srcset=\"https:\/\/ecole-stjoseph-saffre.fr\/wp-content\/uploads\/2016\/04\/DSC_0012-300x225.jpg 300w, https:\/\/ecole-stjoseph-saffre.fr\/wp-content\/uploads\/2016\/04\/DSC_0012-768x576.jpg 768w, https:\/\/ecole-stjoseph-saffre.fr\/wp-content\/uploads\/2016\/04\/DSC_0012-1024x768.jpg 1024w, https:\/\/ecole-stjoseph-saffre.fr\/wp-content\/uploads\/2016\/04\/DSC_0012-960x720.jpg 960w, https:\/\/ecole-stjoseph-saffre.fr\/wp-content\/uploads\/2016\/04\/DSC_0012-480x360.jpg 480w, https:\/\/ecole-stjoseph-saffre.fr\/wp-content\/uploads\/2016\/04\/DSC_0012-320x240.jpg 320w, https:\/\/ecole-stjoseph-saffre.fr\/wp-content\/uploads\/2016\/04\/DSC_0012-240x180.jpg 240w, https:\/\/ecole-stjoseph-saffre.fr\/wp-content\/uploads\/2016\/04\/DSC_0012.jpg 2048w\" sizes=\"(max-width: 300px) 100vw, 300px\" \/><\/a><a href=\"https:\/\/ecole-stjoseph-saffre.fr\/wp-content\/uploads\/2016\/04\/DSC_0014.jpg\" rel=\"attachment wp-att-1582\"><img loading=\"lazy\" decoding=\"async\" class=\"alignright size-medium wp-image-1582\" src=\"https:\/\/ecole-stjoseph-saffre.fr\/wp-content\/uploads\/2016\/04\/DSC_0014-300x225.jpg\" alt=\"DSC_0014\" width=\"300\" height=\"225\" srcset=\"https:\/\/ecole-stjoseph-saffre.fr\/wp-content\/uploads\/2016\/04\/DSC_0014-300x225.jpg 300w, https:\/\/ecole-stjoseph-saffre.fr\/wp-content\/uploads\/2016\/04\/DSC_0014-768x576.jpg 768w, https:\/\/ecole-stjoseph-saffre.fr\/wp-content\/uploads\/2016\/04\/DSC_0014-1024x768.jpg 1024w, https:\/\/ecole-stjoseph-saffre.fr\/wp-content\/uploads\/2016\/04\/DSC_0014-960x720.jpg 960w, https:\/\/ecole-stjoseph-saffre.fr\/wp-content\/uploads\/2016\/04\/DSC_0014-480x360.jpg 480w, https:\/\/ecole-stjoseph-saffre.fr\/wp-content\/uploads\/2016\/04\/DSC_0014-320x240.jpg 320w, https:\/\/ecole-stjoseph-saffre.fr\/wp-content\/uploads\/2016\/04\/DSC_0014-240x180.jpg 240w, https:\/\/ecole-stjoseph-saffre.fr\/wp-content\/uploads\/2016\/04\/DSC_0014.jpg 2048w\" sizes=\"(max-width: 300px) 100vw, 300px\" \/><\/a><a href=\"https:\/\/ecole-stjoseph-saffre.fr\/wp-content\/uploads\/2016\/04\/SDC10088.jpg\" rel=\"attachment wp-att-1584\"><img loading=\"lazy\" decoding=\"async\" class=\"alignright size-medium wp-image-1584\" src=\"https:\/\/ecole-stjoseph-saffre.fr\/wp-content\/uploads\/2016\/04\/SDC10088-300x225.jpg\" alt=\"SDC10088\" width=\"300\" height=\"225\" srcset=\"https:\/\/ecole-stjoseph-saffre.fr\/wp-content\/uploads\/2016\/04\/SDC10088-300x225.jpg 300w, https:\/\/ecole-stjoseph-saffre.fr\/wp-content\/uploads\/2016\/04\/SDC10088-768x576.jpg 768w, https:\/\/ecole-stjoseph-saffre.fr\/wp-content\/uploads\/2016\/04\/SDC10088-1024x768.jpg 1024w, https:\/\/ecole-stjoseph-saffre.fr\/wp-content\/uploads\/2016\/04\/SDC10088-960x720.jpg 960w, https:\/\/ecole-stjoseph-saffre.fr\/wp-content\/uploads\/2016\/04\/SDC10088-480x360.jpg 480w, https:\/\/ecole-stjoseph-saffre.fr\/wp-content\/uploads\/2016\/04\/SDC10088-320x240.jpg 320w, https:\/\/ecole-stjoseph-saffre.fr\/wp-content\/uploads\/2016\/04\/SDC10088-240x180.jpg 240w, https:\/\/ecole-stjoseph-saffre.fr\/wp-content\/uploads\/2016\/04\/SDC10088.jpg 2048w\" sizes=\"(max-width: 300px) 100vw, 300px\" \/><\/a> <a href=\"https:\/\/ecole-stjoseph-saffre.fr\/wp-content\/uploads\/2016\/04\/SDC10089.jpg\" rel=\"attachment wp-att-1585\"><img loading=\"lazy\" decoding=\"async\" class=\"alignright size-medium wp-image-1585\" src=\"https:\/\/ecole-stjoseph-saffre.fr\/wp-content\/uploads\/2016\/04\/SDC10089-300x225.jpg\" alt=\"SDC10089\" width=\"300\" height=\"225\" srcset=\"https:\/\/ecole-stjoseph-saffre.fr\/wp-content\/uploads\/2016\/04\/SDC10089-300x225.jpg 300w, https:\/\/ecole-stjoseph-saffre.fr\/wp-content\/uploads\/2016\/04\/SDC10089-768x576.jpg 768w, https:\/\/ecole-stjoseph-saffre.fr\/wp-content\/uploads\/2016\/04\/SDC10089-1024x768.jpg 1024w, https:\/\/ecole-stjoseph-saffre.fr\/wp-content\/uploads\/2016\/04\/SDC10089-960x720.jpg 960w, https:\/\/ecole-stjoseph-saffre.fr\/wp-content\/uploads\/2016\/04\/SDC10089-480x360.jpg 480w, https:\/\/ecole-stjoseph-saffre.fr\/wp-content\/uploads\/2016\/04\/SDC10089-320x240.jpg 320w, https:\/\/ecole-stjoseph-saffre.fr\/wp-content\/uploads\/2016\/04\/SDC10089-240x180.jpg 240w, https:\/\/ecole-stjoseph-saffre.fr\/wp-content\/uploads\/2016\/04\/SDC10089.jpg 2048w\" sizes=\"(max-width: 300px) 100vw, 300px\" \/><\/a> <a href=\"https:\/\/ecole-stjoseph-saffre.fr\/wp-content\/uploads\/2016\/04\/SDC10091.jpg\" rel=\"attachment wp-att-1586\"><img loading=\"lazy\" decoding=\"async\" class=\"alignright size-medium wp-image-1586\" src=\"https:\/\/ecole-stjoseph-saffre.fr\/wp-content\/uploads\/2016\/04\/SDC10091-300x225.jpg\" alt=\"SDC10091\" width=\"300\" height=\"225\" srcset=\"https:\/\/ecole-stjoseph-saffre.fr\/wp-content\/uploads\/2016\/04\/SDC10091-300x225.jpg 300w, https:\/\/ecole-stjoseph-saffre.fr\/wp-content\/uploads\/2016\/04\/SDC10091-768x576.jpg 768w, https:\/\/ecole-stjoseph-saffre.fr\/wp-content\/uploads\/2016\/04\/SDC10091-1024x768.jpg 1024w, https:\/\/ecole-stjoseph-saffre.fr\/wp-content\/uploads\/2016\/04\/SDC10091-960x720.jpg 960w, https:\/\/ecole-stjoseph-saffre.fr\/wp-content\/uploads\/2016\/04\/SDC10091-480x360.jpg 480w, https:\/\/ecole-stjoseph-saffre.fr\/wp-content\/uploads\/2016\/04\/SDC10091-320x240.jpg 320w, https:\/\/ecole-stjoseph-saffre.fr\/wp-content\/uploads\/2016\/04\/SDC10091-240x180.jpg 240w, https:\/\/ecole-stjoseph-saffre.fr\/wp-content\/uploads\/2016\/04\/SDC10091.jpg 2048w\" sizes=\"(max-width: 300px) 100vw, 300px\" \/><\/a> <a href=\"https:\/\/ecole-stjoseph-saffre.fr\/wp-content\/uploads\/2016\/04\/SDC10086.jpg\" rel=\"attachment wp-att-1583\"><img loading=\"lazy\" decoding=\"async\" class=\"alignright size-medium wp-image-1583\" src=\"https:\/\/ecole-stjoseph-saffre.fr\/wp-content\/uploads\/2016\/04\/SDC10086-300x225.jpg\" alt=\"SDC10086\" width=\"300\" height=\"225\" srcset=\"https:\/\/ecole-stjoseph-saffre.fr\/wp-content\/uploads\/2016\/04\/SDC10086-300x225.jpg 300w, https:\/\/ecole-stjoseph-saffre.fr\/wp-content\/uploads\/2016\/04\/SDC10086-768x576.jpg 768w, https:\/\/ecole-stjoseph-saffre.fr\/wp-content\/uploads\/2016\/04\/SDC10086-1024x768.jpg 1024w, https:\/\/ecole-stjoseph-saffre.fr\/wp-content\/uploads\/2016\/04\/SDC10086-960x720.jpg 960w, https:\/\/ecole-stjoseph-saffre.fr\/wp-content\/uploads\/2016\/04\/SDC10086-480x360.jpg 480w, https:\/\/ecole-stjoseph-saffre.fr\/wp-content\/uploads\/2016\/04\/SDC10086-320x240.jpg 320w, https:\/\/ecole-stjoseph-saffre.fr\/wp-content\/uploads\/2016\/04\/SDC10086-240x180.jpg 240w, https:\/\/ecole-stjoseph-saffre.fr\/wp-content\/uploads\/2016\/04\/SDC10086.jpg 2048w\" sizes=\"(max-width: 300px) 100vw, 300px\" \/><\/a><a href=\"https:\/\/ecole-stjoseph-saffre.fr\/wp-content\/uploads\/2016\/04\/SDC10093.jpg\" rel=\"attachment wp-att-1587\"><img loading=\"lazy\" decoding=\"async\" class=\"alignright size-medium wp-image-1587\" src=\"https:\/\/ecole-stjoseph-saffre.fr\/wp-content\/uploads\/2016\/04\/SDC10093-300x225.jpg\" alt=\"SDC10093\" width=\"300\" height=\"225\" srcset=\"https:\/\/ecole-stjoseph-saffre.fr\/wp-content\/uploads\/2016\/04\/SDC10093-300x225.jpg 300w, https:\/\/ecole-stjoseph-saffre.fr\/wp-content\/uploads\/2016\/04\/SDC10093-768x576.jpg 768w, https:\/\/ecole-stjoseph-saffre.fr\/wp-content\/uploads\/2016\/04\/SDC10093-1024x768.jpg 1024w, https:\/\/ecole-stjoseph-saffre.fr\/wp-content\/uploads\/2016\/04\/SDC10093-960x720.jpg 960w, https:\/\/ecole-stjoseph-saffre.fr\/wp-content\/uploads\/2016\/04\/SDC10093-480x360.jpg 480w, https:\/\/ecole-stjoseph-saffre.fr\/wp-content\/uploads\/2016\/04\/SDC10093-320x240.jpg 320w, https:\/\/ecole-stjoseph-saffre.fr\/wp-content\/uploads\/2016\/04\/SDC10093-240x180.jpg 240w, https:\/\/ecole-stjoseph-saffre.fr\/wp-content\/uploads\/2016\/04\/SDC10093.jpg 2048w\" sizes=\"(max-width: 300px) 100vw, 300px\" \/><\/a><\/p>\n","protected":false},"excerpt":{"rendered":"<p>Pour le march\u00e9 de printemps, nous avons r\u00e9alis\u00e9 des sabl\u00e9s en classe. Quel plaisir de cuisiner et de r\u00e9aliser toutes ces jolies formes gr\u00e2ce aux nombreux emporte-pi\u00e8ces apport\u00e9s&#8230;<\/p>\n","protected":false},"author":3,"featured_media":0,"comment_status":"closed","ping_status":"closed","sticky":false,"template":"","format":"standard","meta":{"ngg_post_thumbnail":0,"footnotes":""},"categories":[8],"tags":[],"_links":{"self":[{"href":"https:\/\/ecole-stjoseph-saffre.fr\/index.php?rest_route=\/wp\/v2\/posts\/1579"}],"collection":[{"href":"https:\/\/ecole-stjoseph-saffre.fr\/index.php?rest_route=\/wp\/v2\/posts"}],"about":[{"href":"https:\/\/ecole-stjoseph-saffre.fr\/index.php?rest_route=\/wp\/v2\/types\/post"}],"author":[{"embeddable":true,"href":"https:\/\/ecole-stjoseph-saffre.fr\/index.php?rest_route=\/wp\/v2\/users\/3"}],"replies":[{"embeddable":true,"href":"https:\/\/ecole-stjoseph-saffre.fr\/index.php?rest_route=%2Fwp%2Fv2%2Fcomments&post=1579"}],"version-history":[{"count":0,"href":"https:\/\/ecole-stjoseph-saffre.fr\/index.php?rest_route=\/wp\/v2\/posts\/1579\/revisions"}],"wp:attachment":[{"href":"https:\/\/ecole-stjoseph-saffre.fr\/index.php?rest_route=%2Fwp%2Fv2%2Fmedia&parent=1579"}],"wp:term":[{"taxonomy":"category","embeddable":true,"href":"https:\/\/ecole-stjoseph-saffre.fr\/index.php?rest_route=%2Fwp%2Fv2%2Fcategories&post=1579"},{"taxonomy":"post_tag","embeddable":true,"href":"https:\/\/ecole-stjoseph-saffre.fr\/index.php?rest_route=%2Fwp%2Fv2%2Ftags&post=1579"}],"curies":[{"name":"wp","href":"https:\/\/api.w.org\/{rel}","templated":true}]}}