{"id":160,"date":"2015-02-27T19:21:53","date_gmt":"2015-02-27T18:21:53","guid":{"rendered":"https:\/\/ecole-stjoseph-saffre.fr\/?p=160"},"modified":"2015-02-27T19:25:45","modified_gmt":"2015-02-27T18:25:45","slug":"collecte-textile","status":"publish","type":"post","link":"https:\/\/ecole-stjoseph-saffre.fr\/?p=160","title":{"rendered":"Collecte textile"},"content":{"rendered":"<h4 style=\"text-align: center;\"><strong>NE JETEZ PLUS ! Vos v\u00eatements, votre linge de maison et vos chaussures.<\/strong><\/h4>\n<p><a href=\"https:\/\/ecole-stjoseph-saffre.fr\/wp-content\/uploads\/2015\/02\/OGEC_CollecteTextile1.jpg\"><img loading=\"lazy\" decoding=\"async\" class=\"alignright size-medium wp-image-214\" src=\"https:\/\/ecole-stjoseph-saffre.fr\/wp-content\/uploads\/2015\/02\/OGEC_CollecteTextile1-298x300.jpg\" alt=\"OGEC_CollecteTextile1\" width=\"298\" height=\"300\" srcset=\"https:\/\/ecole-stjoseph-saffre.fr\/wp-content\/uploads\/2015\/02\/OGEC_CollecteTextile1-298x300.jpg 298w, https:\/\/ecole-stjoseph-saffre.fr\/wp-content\/uploads\/2015\/02\/OGEC_CollecteTextile1-150x150.jpg 150w, https:\/\/ecole-stjoseph-saffre.fr\/wp-content\/uploads\/2015\/02\/OGEC_CollecteTextile1.jpg 521w\" sizes=\"(max-width: 298px) 100vw, 298px\" \/><\/a>L&#8217;\u00e9cole St Joseph organise le <strong>20 mars de 8h30 \u00e0 9h30<\/strong>, une collecte de textile divers.<\/p>\n<p>Nous comptons sur vous pour faire le vide dans vos penderies, dressing et armoires afin de r\u00e9colter un maximum de poids dans le camion de collecte qui sera pr\u00e9sent ce jour-l\u00e0<\/p>\n<p>Les fonds r\u00e9colt\u00e9s serviront au bon fonctionnement et au bon entretien de l&#8217;\u00e9cole. Les textiles devront \u00eatre stock\u00e9s dans des <strong>sacs ferm\u00e9s.<\/strong><\/p>\n<p>Ces sacs doivent imp\u00e9rativement \u00eatre rapport\u00e9s \u00e0 l&#8217;\u00e9cole le 20 mars 2015 (jour de la collecte) sur le parking de l&#8217;\u00e9cole St Joseph.<\/p>\n<p><span style=\"color: #339966;\">Apr\u00e8s avoir \u00e9t\u00e9 tri\u00e9s, vos dons seront r\u00e9employ\u00e9s ou recycl\u00e9s \u00e0 97%, un geste pour l&#8217;environnement.<\/span><\/p>\n<h3 style=\"text-align: center;\"><\/h3>\n<h3 style=\"text-align: center;\">NOTEZ BIEN NOTRE COLLECTE : le 20\/03\/2015 de 8h30 \u00e0 9h30<\/h3>\n<p><span style=\"text-decoration: underline;\">Pour ceux qui ne peuvent \u00eatre pr\u00e9sents le vendredi matin, il sera possible de d\u00e9poser vos sacs \u00e0 l&#8217;\u00e9cole le <strong>jeudi soir 19 mars entre 16h15 et 19h.<\/strong><\/span><\/p>\n","protected":false},"excerpt":{"rendered":"<p>NE JETEZ PLUS ! Vos v\u00eatements, votre linge de maison et vos chaussures. L&#8217;\u00e9cole St Joseph organise le 20 mars de 8h30 \u00e0 9h30, une collecte de textile divers. Nous comptons sur vous pour faire le vide dans vos penderies, dressing et armoires afin de r\u00e9colter un maximum de poids dans le camion de collecte&hellip; <br \/> <a class=\"read-more\" href=\"https:\/\/ecole-stjoseph-saffre.fr\/?p=160\">Lire la suite<\/a><\/p>\n","protected":false},"author":10,"featured_media":0,"comment_status":"closed","ping_status":"closed","sticky":false,"template":"","format":"standard","meta":{"ngg_post_thumbnail":0,"footnotes":""},"categories":[13],"tags":[17],"_links":{"self":[{"href":"https:\/\/ecole-stjoseph-saffre.fr\/index.php?rest_route=\/wp\/v2\/posts\/160"}],"collection":[{"href":"https:\/\/ecole-stjoseph-saffre.fr\/index.php?rest_route=\/wp\/v2\/posts"}],"about":[{"href":"https:\/\/ecole-stjoseph-saffre.fr\/index.php?rest_route=\/wp\/v2\/types\/post"}],"author":[{"embeddable":true,"href":"https:\/\/ecole-stjoseph-saffre.fr\/index.php?rest_route=\/wp\/v2\/users\/10"}],"replies":[{"embeddable":true,"href":"https:\/\/ecole-stjoseph-saffre.fr\/index.php?rest_route=%2Fwp%2Fv2%2Fcomments&post=160"}],"version-history":[{"count":0,"href":"https:\/\/ecole-stjoseph-saffre.fr\/index.php?rest_route=\/wp\/v2\/posts\/160\/revisions"}],"wp:attachment":[{"href":"https:\/\/ecole-stjoseph-saffre.fr\/index.php?rest_route=%2Fwp%2Fv2%2Fmedia&parent=160"}],"wp:term":[{"taxonomy":"category","embeddable":true,"href":"https:\/\/ecole-stjoseph-saffre.fr\/index.php?rest_route=%2Fwp%2Fv2%2Fcategories&post=160"},{"taxonomy":"post_tag","embeddable":true,"href":"https:\/\/ecole-stjoseph-saffre.fr\/index.php?rest_route=%2Fwp%2Fv2%2Ftags&post=160"}],"curies":[{"name":"wp","href":"https:\/\/api.w.org\/{rel}","templated":true}]}}