{"id":1637,"date":"2016-05-04T10:13:18","date_gmt":"2016-05-04T09:13:18","guid":{"rendered":"https:\/\/ecole-stjoseph-saffre.fr\/?p=1637"},"modified":"2016-05-04T10:13:18","modified_gmt":"2016-05-04T09:13:18","slug":"oeuvre-de-la-semaine-n2","status":"publish","type":"post","link":"https:\/\/ecole-stjoseph-saffre.fr\/?p=1637","title":{"rendered":"\u0152uvre de la semaine n\u00b02"},"content":{"rendered":"<p>Th\u00e8me de la 2\u00e8me semaine : une \u0153uvre de Salvador Dali.<\/p>\n<p>Voici\u00a0 l\u2019\u0153uvre pr\u00e9f\u00e9r\u00e9e de la classe : le torero hallucinog\u00e8ne<a href=\"https:\/\/ecole-stjoseph-saffre.fr\/wp-content\/uploads\/2016\/04\/CM1-02-Dali.jpg\"><img loading=\"lazy\" decoding=\"async\" class=\"size-medium wp-image-1641 alignleft\" src=\"https:\/\/ecole-stjoseph-saffre.fr\/wp-content\/uploads\/2016\/04\/CM1-02-Dali-235x300.jpg\" alt=\"CM1-02-Dali\" width=\"235\" height=\"300\" srcset=\"https:\/\/ecole-stjoseph-saffre.fr\/wp-content\/uploads\/2016\/04\/CM1-02-Dali-235x300.jpg 235w, https:\/\/ecole-stjoseph-saffre.fr\/wp-content\/uploads\/2016\/04\/CM1-02-Dali.jpg 376w\" sizes=\"(max-width: 235px) 100vw, 235px\" \/><\/a><\/p>\n<p>&nbsp;<\/p>\n<p>Susie, Jos\u00e9phine, Elouan, Noan<\/p>\n","protected":false},"excerpt":{"rendered":"<p>Th\u00e8me de la 2\u00e8me semaine : une \u0153uvre de Salvador Dali. Voici\u00a0 l\u2019\u0153uvre pr\u00e9f\u00e9r\u00e9e de la classe : le torero hallucinog\u00e8ne &nbsp; Susie, Jos\u00e9phine, Elouan, Noan<\/p>\n","protected":false},"author":7,"featured_media":0,"comment_status":"closed","ping_status":"closed","sticky":false,"template":"","format":"standard","meta":{"ngg_post_thumbnail":0,"footnotes":""},"categories":[5],"tags":[],"_links":{"self":[{"href":"https:\/\/ecole-stjoseph-saffre.fr\/index.php?rest_route=\/wp\/v2\/posts\/1637"}],"collection":[{"href":"https:\/\/ecole-stjoseph-saffre.fr\/index.php?rest_route=\/wp\/v2\/posts"}],"about":[{"href":"https:\/\/ecole-stjoseph-saffre.fr\/index.php?rest_route=\/wp\/v2\/types\/post"}],"author":[{"embeddable":true,"href":"https:\/\/ecole-stjoseph-saffre.fr\/index.php?rest_route=\/wp\/v2\/users\/7"}],"replies":[{"embeddable":true,"href":"https:\/\/ecole-stjoseph-saffre.fr\/index.php?rest_route=%2Fwp%2Fv2%2Fcomments&post=1637"}],"version-history":[{"count":0,"href":"https:\/\/ecole-stjoseph-saffre.fr\/index.php?rest_route=\/wp\/v2\/posts\/1637\/revisions"}],"wp:attachment":[{"href":"https:\/\/ecole-stjoseph-saffre.fr\/index.php?rest_route=%2Fwp%2Fv2%2Fmedia&parent=1637"}],"wp:term":[{"taxonomy":"category","embeddable":true,"href":"https:\/\/ecole-stjoseph-saffre.fr\/index.php?rest_route=%2Fwp%2Fv2%2Fcategories&post=1637"},{"taxonomy":"post_tag","embeddable":true,"href":"https:\/\/ecole-stjoseph-saffre.fr\/index.php?rest_route=%2Fwp%2Fv2%2Ftags&post=1637"}],"curies":[{"name":"wp","href":"https:\/\/api.w.org\/{rel}","templated":true}]}}