{"id":1660,"date":"2016-07-07T12:54:15","date_gmt":"2016-07-07T11:54:15","guid":{"rendered":"https:\/\/ecole-stjoseph-saffre.fr\/?p=1660"},"modified":"2016-07-07T12:54:15","modified_gmt":"2016-07-07T11:54:15","slug":"le-roi-des-rats","status":"publish","type":"post","link":"https:\/\/ecole-stjoseph-saffre.fr\/?p=1660","title":{"rendered":"Le Roi des Rats"},"content":{"rendered":"<p>Le jeudi 17 mars, dans la matin\u00e9e,nous sommes all\u00e9s au Th\u00e9\u00e2tre de Verre de Ch\u00e2teaubriant avec les CM2.<\/p>\n<p><a href=\"https:\/\/ecole-stjoseph-saffre.fr\/wp-content\/uploads\/2016\/07\/CM1-Th\u00e9atre.jpg\"><img loading=\"lazy\" decoding=\"async\" class=\"size-medium wp-image-1834 alignright\" src=\"https:\/\/ecole-stjoseph-saffre.fr\/wp-content\/uploads\/2016\/07\/CM1-Th\u00e9atre-225x300.jpg\" alt=\"CM1-Th\u00e9atre\" width=\"225\" height=\"300\" srcset=\"https:\/\/ecole-stjoseph-saffre.fr\/wp-content\/uploads\/2016\/07\/CM1-Th\u00e9atre-225x300.jpg 225w, https:\/\/ecole-stjoseph-saffre.fr\/wp-content\/uploads\/2016\/07\/CM1-Th\u00e9atre-768x1024.jpg 768w, https:\/\/ecole-stjoseph-saffre.fr\/wp-content\/uploads\/2016\/07\/CM1-Th\u00e9atre.jpg 1152w\" sizes=\"(max-width: 225px) 100vw, 225px\" \/><\/a><\/p>\n<p>Nous avons vu une pi\u00e8ce de th\u00e9\u00e2tre s\u2019appelait &#8220;le Roi rats&#8221;. La sc\u00e8ne \u00e9tait tr\u00e8s sombre mais la pi\u00e8ce \u00e9tait bien organis\u00e9e .<\/p>\n<p>La com\u00e9dienne \u00e9tait toute seule sur la sc\u00e8ne et elle jouait bien.<\/p>\n<p>M\u00eame si l&#8217;histoire parlait de rats, il n&#8217;y en avait pas sur sc\u00e8ne.<\/p>\n<p>Elle changeait tout le temps de voix car il y avait plusieurs personnages dans cette histoire:<\/p>\n<p>le grand burger , Josh , Milo , Harold , et le rat Muzo.<\/p>\n<p>L&#8217;histoire se passe dans la ville de Niew Hamelin et raconte l&#8217;histoire d&#8217;un joueur de fl\u00fbte, conte inspir\u00e9 d&#8217;Andersen.<\/p>\n<p>Beaucoup de personnes ont aim\u00e9 le jeu de voix de la com\u00e9dienne.<\/p>\n<p>Daphn\u00e9, Amandine, Ma\u00eblys<\/p>\n","protected":false},"excerpt":{"rendered":"<p>Le jeudi 17 mars, dans la matin\u00e9e,nous sommes all\u00e9s au Th\u00e9\u00e2tre de Verre de Ch\u00e2teaubriant avec les CM2. Nous avons vu une pi\u00e8ce de th\u00e9\u00e2tre s\u2019appelait &#8220;le Roi rats&#8221;. La sc\u00e8ne \u00e9tait tr\u00e8s sombre mais la pi\u00e8ce \u00e9tait bien organis\u00e9e . La com\u00e9dienne \u00e9tait toute seule sur la sc\u00e8ne et elle jouait bien. M\u00eame si&hellip; <br \/> <a class=\"read-more\" href=\"https:\/\/ecole-stjoseph-saffre.fr\/?p=1660\">Lire la suite<\/a><\/p>\n","protected":false},"author":7,"featured_media":0,"comment_status":"closed","ping_status":"closed","sticky":false,"template":"","format":"standard","meta":{"ngg_post_thumbnail":0,"footnotes":""},"categories":[5],"tags":[],"_links":{"self":[{"href":"https:\/\/ecole-stjoseph-saffre.fr\/index.php?rest_route=\/wp\/v2\/posts\/1660"}],"collection":[{"href":"https:\/\/ecole-stjoseph-saffre.fr\/index.php?rest_route=\/wp\/v2\/posts"}],"about":[{"href":"https:\/\/ecole-stjoseph-saffre.fr\/index.php?rest_route=\/wp\/v2\/types\/post"}],"author":[{"embeddable":true,"href":"https:\/\/ecole-stjoseph-saffre.fr\/index.php?rest_route=\/wp\/v2\/users\/7"}],"replies":[{"embeddable":true,"href":"https:\/\/ecole-stjoseph-saffre.fr\/index.php?rest_route=%2Fwp%2Fv2%2Fcomments&post=1660"}],"version-history":[{"count":0,"href":"https:\/\/ecole-stjoseph-saffre.fr\/index.php?rest_route=\/wp\/v2\/posts\/1660\/revisions"}],"wp:attachment":[{"href":"https:\/\/ecole-stjoseph-saffre.fr\/index.php?rest_route=%2Fwp%2Fv2%2Fmedia&parent=1660"}],"wp:term":[{"taxonomy":"category","embeddable":true,"href":"https:\/\/ecole-stjoseph-saffre.fr\/index.php?rest_route=%2Fwp%2Fv2%2Fcategories&post=1660"},{"taxonomy":"post_tag","embeddable":true,"href":"https:\/\/ecole-stjoseph-saffre.fr\/index.php?rest_route=%2Fwp%2Fv2%2Ftags&post=1660"}],"curies":[{"name":"wp","href":"https:\/\/api.w.org\/{rel}","templated":true}]}}