{"id":1674,"date":"2016-05-16T10:20:54","date_gmt":"2016-05-16T09:20:54","guid":{"rendered":"https:\/\/ecole-stjoseph-saffre.fr\/?p=1674"},"modified":"2016-05-16T10:20:54","modified_gmt":"2016-05-16T09:20:54","slug":"cerf-volant","status":"publish","type":"post","link":"https:\/\/ecole-stjoseph-saffre.fr\/?p=1674","title":{"rendered":"Cerf-volant"},"content":{"rendered":"<p><a href=\"https:\/\/ecole-stjoseph-saffre.fr\/wp-content\/uploads\/2016\/05\/DSC_0061.jpg\"><img loading=\"lazy\" decoding=\"async\" class=\"alignright size-medium wp-image-1680\" src=\"https:\/\/ecole-stjoseph-saffre.fr\/wp-content\/uploads\/2016\/05\/DSC_0061-300x225.jpg\" alt=\"DSC_0061\" width=\"300\" height=\"225\" srcset=\"https:\/\/ecole-stjoseph-saffre.fr\/wp-content\/uploads\/2016\/05\/DSC_0061-300x225.jpg 300w, https:\/\/ecole-stjoseph-saffre.fr\/wp-content\/uploads\/2016\/05\/DSC_0061-768x576.jpg 768w, https:\/\/ecole-stjoseph-saffre.fr\/wp-content\/uploads\/2016\/05\/DSC_0061-1024x768.jpg 1024w, https:\/\/ecole-stjoseph-saffre.fr\/wp-content\/uploads\/2016\/05\/DSC_0061.jpg 2048w\" sizes=\"(max-width: 300px) 100vw, 300px\" \/><\/a>Avant de ramener nos cerfs-volants \u00e0 la maison, nous avons pu les essayer \u00e0 l&#8217;\u00e9cole le mardi apr\u00e8s-midi.<br \/>\nC&#8217;\u00e9tait tr\u00e8s joli toutes ces couleurs.<\/p>\n<p><a href=\"https:\/\/ecole-stjoseph-saffre.fr\/wp-content\/uploads\/2016\/05\/DSC_0058.jpg\"><img loading=\"lazy\" decoding=\"async\" class=\"alignright size-medium wp-image-1678\" src=\"https:\/\/ecole-stjoseph-saffre.fr\/wp-content\/uploads\/2016\/05\/DSC_0058-300x225.jpg\" alt=\"DSC_0058\" width=\"300\" height=\"225\" srcset=\"https:\/\/ecole-stjoseph-saffre.fr\/wp-content\/uploads\/2016\/05\/DSC_0058-300x225.jpg 300w, https:\/\/ecole-stjoseph-saffre.fr\/wp-content\/uploads\/2016\/05\/DSC_0058-768x576.jpg 768w, https:\/\/ecole-stjoseph-saffre.fr\/wp-content\/uploads\/2016\/05\/DSC_0058-1024x768.jpg 1024w, https:\/\/ecole-stjoseph-saffre.fr\/wp-content\/uploads\/2016\/05\/DSC_0058.jpg 2048w\" sizes=\"(max-width: 300px) 100vw, 300px\" \/><\/a><a href=\"https:\/\/ecole-stjoseph-saffre.fr\/wp-content\/uploads\/2016\/05\/DSC_0059.jpg\"><img loading=\"lazy\" decoding=\"async\" class=\"alignright size-medium wp-image-1676\" src=\"https:\/\/ecole-stjoseph-saffre.fr\/wp-content\/uploads\/2016\/05\/DSC_0059-300x225.jpg\" alt=\"DSC_0059\" width=\"300\" height=\"225\" srcset=\"https:\/\/ecole-stjoseph-saffre.fr\/wp-content\/uploads\/2016\/05\/DSC_0059-300x225.jpg 300w, https:\/\/ecole-stjoseph-saffre.fr\/wp-content\/uploads\/2016\/05\/DSC_0059-768x576.jpg 768w, https:\/\/ecole-stjoseph-saffre.fr\/wp-content\/uploads\/2016\/05\/DSC_0059-1024x768.jpg 1024w, https:\/\/ecole-stjoseph-saffre.fr\/wp-content\/uploads\/2016\/05\/DSC_0059.jpg 2048w\" sizes=\"(max-width: 300px) 100vw, 300px\" \/><\/a><a href=\"https:\/\/ecole-stjoseph-saffre.fr\/wp-content\/uploads\/2016\/05\/DSC_0057.jpg\"><img loading=\"lazy\" decoding=\"async\" class=\"alignright size-medium wp-image-1677\" src=\"https:\/\/ecole-stjoseph-saffre.fr\/wp-content\/uploads\/2016\/05\/DSC_0057-300x225.jpg\" alt=\"DSC_0057\" width=\"300\" height=\"225\" srcset=\"https:\/\/ecole-stjoseph-saffre.fr\/wp-content\/uploads\/2016\/05\/DSC_0057-300x225.jpg 300w, https:\/\/ecole-stjoseph-saffre.fr\/wp-content\/uploads\/2016\/05\/DSC_0057-768x576.jpg 768w, https:\/\/ecole-stjoseph-saffre.fr\/wp-content\/uploads\/2016\/05\/DSC_0057-1024x768.jpg 1024w, https:\/\/ecole-stjoseph-saffre.fr\/wp-content\/uploads\/2016\/05\/DSC_0057.jpg 2048w\" sizes=\"(max-width: 300px) 100vw, 300px\" \/><\/a><\/p>\n","protected":false},"excerpt":{"rendered":"<p>Avant de ramener nos cerfs-volants \u00e0 la maison, nous avons pu les essayer \u00e0 l&#8217;\u00e9cole le mardi apr\u00e8s-midi. C&#8217;\u00e9tait tr\u00e8s joli toutes ces couleurs.<\/p>\n","protected":false},"author":3,"featured_media":0,"comment_status":"closed","ping_status":"closed","sticky":false,"template":"","format":"standard","meta":{"ngg_post_thumbnail":0,"footnotes":""},"categories":[8],"tags":[],"_links":{"self":[{"href":"https:\/\/ecole-stjoseph-saffre.fr\/index.php?rest_route=\/wp\/v2\/posts\/1674"}],"collection":[{"href":"https:\/\/ecole-stjoseph-saffre.fr\/index.php?rest_route=\/wp\/v2\/posts"}],"about":[{"href":"https:\/\/ecole-stjoseph-saffre.fr\/index.php?rest_route=\/wp\/v2\/types\/post"}],"author":[{"embeddable":true,"href":"https:\/\/ecole-stjoseph-saffre.fr\/index.php?rest_route=\/wp\/v2\/users\/3"}],"replies":[{"embeddable":true,"href":"https:\/\/ecole-stjoseph-saffre.fr\/index.php?rest_route=%2Fwp%2Fv2%2Fcomments&post=1674"}],"version-history":[{"count":0,"href":"https:\/\/ecole-stjoseph-saffre.fr\/index.php?rest_route=\/wp\/v2\/posts\/1674\/revisions"}],"wp:attachment":[{"href":"https:\/\/ecole-stjoseph-saffre.fr\/index.php?rest_route=%2Fwp%2Fv2%2Fmedia&parent=1674"}],"wp:term":[{"taxonomy":"category","embeddable":true,"href":"https:\/\/ecole-stjoseph-saffre.fr\/index.php?rest_route=%2Fwp%2Fv2%2Fcategories&post=1674"},{"taxonomy":"post_tag","embeddable":true,"href":"https:\/\/ecole-stjoseph-saffre.fr\/index.php?rest_route=%2Fwp%2Fv2%2Ftags&post=1674"}],"curies":[{"name":"wp","href":"https:\/\/api.w.org\/{rel}","templated":true}]}}