{"id":1750,"date":"2016-07-05T11:04:58","date_gmt":"2016-07-05T10:04:58","guid":{"rendered":"https:\/\/ecole-stjoseph-saffre.fr\/?p=1750"},"modified":"2016-07-05T11:04:58","modified_gmt":"2016-07-05T10:04:58","slug":"un-concert-barock-mais-presque","status":"publish","type":"post","link":"https:\/\/ecole-stjoseph-saffre.fr\/?p=1750","title":{"rendered":"Un concert &#8220;Barock mais presque&#8221;"},"content":{"rendered":"<p>Le concert s&#8217;est d\u00e9roul\u00e9 le jeudi 26 mai. Nous avons assist\u00e9 \u00e0 un concert &#8220;Barock mais presque&#8221;. Nous avons vu et \u00e9cout\u00e9 des instruments baroques: il y avait la guitare baroque, le th\u00e9orbe et la viole de gambe. Un conteur nous a racont\u00e9 trois histoires. La 1\u00e8re histoire racontait la vie d&#8217;un homme qui s&#8217;appelle \u00c9mile Bouton. La 2\u00e8me histoire parlait d&#8217;un homme qui avait un ami de vacances ,chez sa grand-m\u00e8re ,c&#8217;\u00e9tait un arbre et la 3 \u00e8me, l&#8217;histoire d&#8217;une puce et d&#8217;un pou. Au cours de cette histoire, nous avons appris une chanson:<\/p>\n<p>Je saute ,je cherche mon mari le pou (refrain)<\/p>\n<p>Le pou a d\u00e9cid\u00e9 de nager dans la soupe.<\/p>\n<p>La puce a d\u00e9cid\u00e9 de s&#8217;arracher la t\u00eate. <a href=\"https:\/\/ecole-stjoseph-saffre.fr\/wp-content\/uploads\/2016\/07\/CM1-Barock.jpg\"><img loading=\"lazy\" decoding=\"async\" class=\"size-medium wp-image-1822 alignright\" src=\"https:\/\/ecole-stjoseph-saffre.fr\/wp-content\/uploads\/2016\/07\/CM1-Barock-300x225.jpg\" alt=\"CM1-Barock\" width=\"300\" height=\"225\" srcset=\"https:\/\/ecole-stjoseph-saffre.fr\/wp-content\/uploads\/2016\/07\/CM1-Barock-300x225.jpg 300w, https:\/\/ecole-stjoseph-saffre.fr\/wp-content\/uploads\/2016\/07\/CM1-Barock-768x576.jpg 768w, https:\/\/ecole-stjoseph-saffre.fr\/wp-content\/uploads\/2016\/07\/CM1-Barock-1024x768.jpg 1024w, https:\/\/ecole-stjoseph-saffre.fr\/wp-content\/uploads\/2016\/07\/CM1-Barock.jpg 2048w\" sizes=\"(max-width: 300px) 100vw, 300px\" \/><\/a><\/p>\n<p>La chaise a d\u00e9cid\u00e9 de mettre ses pieds dans le feu.<\/p>\n<p>Le feu a d\u00e9cid\u00e9 de s\u2019arr\u00eater de fumer.<\/p>\n<p>Le chat a d\u00e9cid\u00e9 de s\u2019asseoir sur les rails.<\/p>\n<p>Le train a d\u00e9cid\u00e9 de rouler \u00e0 l&#8217;envers.<\/p>\n<p>La vache a d\u00e9cid\u00e9 de faire de le chantilly.<\/p>\n<p>Les musiciens s\u2019appellent Julie,Pierre,Bruno et Laurent.<\/p>\n<p>Toute la classe a pass\u00e9 un tr\u00e8s bon moment,nous nous sommes bien amus\u00e9s et nous avons ador\u00e9.<\/p>\n<p><a href=\"https:\/\/ecole-stjoseph-saffre.fr\/wp-content\/uploads\/2016\/07\/CM1.jpg\"><img loading=\"lazy\" decoding=\"async\" class=\"size-medium wp-image-1821 alignright\" src=\"https:\/\/ecole-stjoseph-saffre.fr\/wp-content\/uploads\/2016\/07\/CM1-300x225.jpg\" alt=\"CM1\" width=\"300\" height=\"225\" srcset=\"https:\/\/ecole-stjoseph-saffre.fr\/wp-content\/uploads\/2016\/07\/CM1-300x225.jpg 300w, https:\/\/ecole-stjoseph-saffre.fr\/wp-content\/uploads\/2016\/07\/CM1-768x576.jpg 768w, https:\/\/ecole-stjoseph-saffre.fr\/wp-content\/uploads\/2016\/07\/CM1-1024x768.jpg 1024w, https:\/\/ecole-stjoseph-saffre.fr\/wp-content\/uploads\/2016\/07\/CM1.jpg 2048w\" sizes=\"(max-width: 300px) 100vw, 300px\" \/><\/a><\/p>\n<p>Maya, Cl\u00e9mence .R et Oriane<\/p>\n<p>&nbsp;<\/p>\n<p>&nbsp;<\/p>\n<p>&nbsp;<\/p>\n<p>&nbsp;<\/p>\n","protected":false},"excerpt":{"rendered":"<p>Le concert s&#8217;est d\u00e9roul\u00e9 le jeudi 26 mai. Nous avons assist\u00e9 \u00e0 un concert &#8220;Barock mais presque&#8221;. Nous avons vu et \u00e9cout\u00e9 des instruments baroques: il y avait la guitare baroque, le th\u00e9orbe et la viole de gambe. Un conteur nous a racont\u00e9 trois histoires. La 1\u00e8re histoire racontait la vie d&#8217;un homme qui s&#8217;appelle&hellip; <br \/> <a class=\"read-more\" href=\"https:\/\/ecole-stjoseph-saffre.fr\/?p=1750\">Lire la suite<\/a><\/p>\n","protected":false},"author":7,"featured_media":0,"comment_status":"closed","ping_status":"closed","sticky":false,"template":"","format":"standard","meta":{"ngg_post_thumbnail":0,"footnotes":""},"categories":[5],"tags":[],"_links":{"self":[{"href":"https:\/\/ecole-stjoseph-saffre.fr\/index.php?rest_route=\/wp\/v2\/posts\/1750"}],"collection":[{"href":"https:\/\/ecole-stjoseph-saffre.fr\/index.php?rest_route=\/wp\/v2\/posts"}],"about":[{"href":"https:\/\/ecole-stjoseph-saffre.fr\/index.php?rest_route=\/wp\/v2\/types\/post"}],"author":[{"embeddable":true,"href":"https:\/\/ecole-stjoseph-saffre.fr\/index.php?rest_route=\/wp\/v2\/users\/7"}],"replies":[{"embeddable":true,"href":"https:\/\/ecole-stjoseph-saffre.fr\/index.php?rest_route=%2Fwp%2Fv2%2Fcomments&post=1750"}],"version-history":[{"count":0,"href":"https:\/\/ecole-stjoseph-saffre.fr\/index.php?rest_route=\/wp\/v2\/posts\/1750\/revisions"}],"wp:attachment":[{"href":"https:\/\/ecole-stjoseph-saffre.fr\/index.php?rest_route=%2Fwp%2Fv2%2Fmedia&parent=1750"}],"wp:term":[{"taxonomy":"category","embeddable":true,"href":"https:\/\/ecole-stjoseph-saffre.fr\/index.php?rest_route=%2Fwp%2Fv2%2Fcategories&post=1750"},{"taxonomy":"post_tag","embeddable":true,"href":"https:\/\/ecole-stjoseph-saffre.fr\/index.php?rest_route=%2Fwp%2Fv2%2Ftags&post=1750"}],"curies":[{"name":"wp","href":"https:\/\/api.w.org\/{rel}","templated":true}]}}