{"id":1753,"date":"2016-06-03T15:04:57","date_gmt":"2016-06-03T14:04:57","guid":{"rendered":"https:\/\/ecole-stjoseph-saffre.fr\/?p=1753"},"modified":"2016-06-03T15:04:57","modified_gmt":"2016-06-03T14:04:57","slug":"oeuvre-de-la-semaine-n7","status":"publish","type":"post","link":"https:\/\/ecole-stjoseph-saffre.fr\/?p=1753","title":{"rendered":"\u0152uvre de la semaine n\u00b07"},"content":{"rendered":"<p><a href=\"https:\/\/ecole-stjoseph-saffre.fr\/wp-content\/uploads\/2016\/06\/CM1-07-Beethoven.jpg\"><img loading=\"lazy\" decoding=\"async\" class=\"size-medium wp-image-1758 alignright\" src=\"https:\/\/ecole-stjoseph-saffre.fr\/wp-content\/uploads\/2016\/06\/CM1-07-Beethoven-249x300.jpg\" alt=\"CM1-07- Beethoven\" width=\"249\" height=\"300\" srcset=\"https:\/\/ecole-stjoseph-saffre.fr\/wp-content\/uploads\/2016\/06\/CM1-07-Beethoven-249x300.jpg 249w, https:\/\/ecole-stjoseph-saffre.fr\/wp-content\/uploads\/2016\/06\/CM1-07-Beethoven-768x924.jpg 768w, https:\/\/ecole-stjoseph-saffre.fr\/wp-content\/uploads\/2016\/06\/CM1-07-Beethoven.jpg 800w\" sizes=\"(max-width: 249px) 100vw, 249px\" \/><\/a>Th\u00e8me de la 7\u00e8me semaine: une \u0153uvre musicale de\u00a0Beethoven<\/p>\n<p>Voici l&#8217;\u0153uvre pr\u00e9f\u00e9r\u00e9e de la classe: Lettre \u00e0 Elise<\/p>\n<p>Beethoven est un musicien Allemand.<br \/>\nAdmirateur de Mozart, il est n\u00e9 en 1770 et mort en 1827.<br \/>\nC&#8217;est un pianiste virtuose.<\/p>\n<p>&nbsp;<\/p>\n<p style=\"text-align: center\">Maya , Juliette et Erwan<\/p>\n","protected":false},"excerpt":{"rendered":"<p>Th\u00e8me de la 7\u00e8me semaine: une \u0153uvre musicale de\u00a0Beethoven Voici l&#8217;\u0153uvre pr\u00e9f\u00e9r\u00e9e de la classe: Lettre \u00e0 Elise Beethoven est un musicien Allemand. Admirateur de Mozart, il est n\u00e9 en 1770 et mort en 1827. C&#8217;est un pianiste virtuose. &nbsp; Maya , Juliette et Erwan<\/p>\n","protected":false},"author":7,"featured_media":0,"comment_status":"closed","ping_status":"closed","sticky":false,"template":"","format":"standard","meta":{"ngg_post_thumbnail":0,"footnotes":""},"categories":[5],"tags":[],"_links":{"self":[{"href":"https:\/\/ecole-stjoseph-saffre.fr\/index.php?rest_route=\/wp\/v2\/posts\/1753"}],"collection":[{"href":"https:\/\/ecole-stjoseph-saffre.fr\/index.php?rest_route=\/wp\/v2\/posts"}],"about":[{"href":"https:\/\/ecole-stjoseph-saffre.fr\/index.php?rest_route=\/wp\/v2\/types\/post"}],"author":[{"embeddable":true,"href":"https:\/\/ecole-stjoseph-saffre.fr\/index.php?rest_route=\/wp\/v2\/users\/7"}],"replies":[{"embeddable":true,"href":"https:\/\/ecole-stjoseph-saffre.fr\/index.php?rest_route=%2Fwp%2Fv2%2Fcomments&post=1753"}],"version-history":[{"count":0,"href":"https:\/\/ecole-stjoseph-saffre.fr\/index.php?rest_route=\/wp\/v2\/posts\/1753\/revisions"}],"wp:attachment":[{"href":"https:\/\/ecole-stjoseph-saffre.fr\/index.php?rest_route=%2Fwp%2Fv2%2Fmedia&parent=1753"}],"wp:term":[{"taxonomy":"category","embeddable":true,"href":"https:\/\/ecole-stjoseph-saffre.fr\/index.php?rest_route=%2Fwp%2Fv2%2Fcategories&post=1753"},{"taxonomy":"post_tag","embeddable":true,"href":"https:\/\/ecole-stjoseph-saffre.fr\/index.php?rest_route=%2Fwp%2Fv2%2Ftags&post=1753"}],"curies":[{"name":"wp","href":"https:\/\/api.w.org\/{rel}","templated":true}]}}