{"id":1773,"date":"2016-06-29T10:23:46","date_gmt":"2016-06-29T09:23:46","guid":{"rendered":"https:\/\/ecole-stjoseph-saffre.fr\/?p=1773"},"modified":"2016-06-29T10:23:46","modified_gmt":"2016-06-29T09:23:46","slug":"oeuvre-de-la-semaine-n8","status":"publish","type":"post","link":"https:\/\/ecole-stjoseph-saffre.fr\/?p=1773","title":{"rendered":"\u0152uvre de la semaine n\u00b08"},"content":{"rendered":"<p style=\"text-align: left\">Th\u00e8me de la 8 \u00e8me\u00a0 semaine : une \u0152uvre de L\u00e9onard de Vinci<a href=\"https:\/\/ecole-stjoseph-saffre.fr\/wp-content\/uploads\/2016\/06\/CM1-08-Joconde.jpg\"><img loading=\"lazy\" decoding=\"async\" class=\"size-medium wp-image-1777 alignleft\" src=\"https:\/\/ecole-stjoseph-saffre.fr\/wp-content\/uploads\/2016\/06\/CM1-08-Joconde-201x300.jpg\" alt=\"CM1-08-Joconde\" width=\"201\" height=\"300\" srcset=\"https:\/\/ecole-stjoseph-saffre.fr\/wp-content\/uploads\/2016\/06\/CM1-08-Joconde-201x300.jpg 201w, https:\/\/ecole-stjoseph-saffre.fr\/wp-content\/uploads\/2016\/06\/CM1-08-Joconde-768x1144.jpg 768w, https:\/\/ecole-stjoseph-saffre.fr\/wp-content\/uploads\/2016\/06\/CM1-08-Joconde-687x1024.jpg 687w, https:\/\/ecole-stjoseph-saffre.fr\/wp-content\/uploads\/2016\/06\/CM1-08-Joconde.jpg 800w\" sizes=\"(max-width: 201px) 100vw, 201px\" \/><\/a><\/p>\n<p style=\"text-align: left\">Voici l &#8216;\u0153uvre pr\u00e9f\u00e9r\u00e9e de la classe est : la Joconde<\/p>\n<p>Noan, Susie, Jos\u00e9phine et Elouan<\/p>\n<p>&nbsp;<\/p>\n<p>&nbsp;<\/p>\n<p>&nbsp;<\/p>\n<p>&nbsp;<\/p>\n<p>&nbsp;<\/p>\n","protected":false},"excerpt":{"rendered":"<p>Th\u00e8me de la 8 \u00e8me\u00a0 semaine : une \u0152uvre de L\u00e9onard de Vinci Voici l &#8216;\u0153uvre pr\u00e9f\u00e9r\u00e9e de la classe est : la Joconde Noan, Susie, Jos\u00e9phine et Elouan &nbsp; &nbsp; &nbsp; &nbsp; &nbsp;<\/p>\n","protected":false},"author":7,"featured_media":0,"comment_status":"closed","ping_status":"closed","sticky":false,"template":"","format":"standard","meta":{"ngg_post_thumbnail":0,"footnotes":""},"categories":[5],"tags":[],"_links":{"self":[{"href":"https:\/\/ecole-stjoseph-saffre.fr\/index.php?rest_route=\/wp\/v2\/posts\/1773"}],"collection":[{"href":"https:\/\/ecole-stjoseph-saffre.fr\/index.php?rest_route=\/wp\/v2\/posts"}],"about":[{"href":"https:\/\/ecole-stjoseph-saffre.fr\/index.php?rest_route=\/wp\/v2\/types\/post"}],"author":[{"embeddable":true,"href":"https:\/\/ecole-stjoseph-saffre.fr\/index.php?rest_route=\/wp\/v2\/users\/7"}],"replies":[{"embeddable":true,"href":"https:\/\/ecole-stjoseph-saffre.fr\/index.php?rest_route=%2Fwp%2Fv2%2Fcomments&post=1773"}],"version-history":[{"count":0,"href":"https:\/\/ecole-stjoseph-saffre.fr\/index.php?rest_route=\/wp\/v2\/posts\/1773\/revisions"}],"wp:attachment":[{"href":"https:\/\/ecole-stjoseph-saffre.fr\/index.php?rest_route=%2Fwp%2Fv2%2Fmedia&parent=1773"}],"wp:term":[{"taxonomy":"category","embeddable":true,"href":"https:\/\/ecole-stjoseph-saffre.fr\/index.php?rest_route=%2Fwp%2Fv2%2Fcategories&post=1773"},{"taxonomy":"post_tag","embeddable":true,"href":"https:\/\/ecole-stjoseph-saffre.fr\/index.php?rest_route=%2Fwp%2Fv2%2Ftags&post=1773"}],"curies":[{"name":"wp","href":"https:\/\/api.w.org\/{rel}","templated":true}]}}