{"id":1820,"date":"2016-07-07T13:34:17","date_gmt":"2016-07-07T12:34:17","guid":{"rendered":"https:\/\/ecole-stjoseph-saffre.fr\/?p=1820"},"modified":"2016-07-07T13:38:31","modified_gmt":"2016-07-07T12:38:31","slug":"sortie-cle-a-abbaretz","status":"publish","type":"post","link":"https:\/\/ecole-stjoseph-saffre.fr\/?p=1820","title":{"rendered":"Sortie CLE \u00e0 Abbaretz"},"content":{"rendered":"<p>Le vendredi 10 juin, nous sommes all\u00e9s \u00e0 Abbaretz rencontrer les \u00e9coles de Puceul et d&#8217;Abbaretz .<br \/>\nNous avons particip\u00e9 \u00e0 six ateliers dans la journ\u00e9e:<br \/>\n-nous sommes mont\u00e9s en haut du terril,<br \/>\n-nous avons march\u00e9 en randonn\u00e9e autour du plateau,<br \/>\n-nous avons fait un atelier \u00e9criture,<br \/>\n-nous avons r\u00e9alis\u00e9 un atelier arts visuels avec des fusains et \u00e9cout\u00e9 un conte: la l\u00e9gende des 7 pierres,<br \/>\n-nous avons fait un rallye photo autour de la salle municipale,<br \/>\n-et nous avons d\u00e9couvert le bourg d&#8217;Abbaretz en apprenant \u00e0 lire un plan.<\/p>\n<p>Nous nous sommes retrouv\u00e9s \u00e0 la base nautique pour pique-niquer, avant de reprendre les derniers ateliers.<br \/>\nNous nous sommes quitt\u00e9s apr\u00e8s avoir chant\u00e9 &#8220;les Corons&#8221; de Pierre Bachelet.<br \/>\nNous avons beaucoup appr\u00e9ci\u00e9 cette journ\u00e9e.<\/p>\n<p>Julie, Justine et Mat\u00e9o<\/p>\nngg_shortcode_0_placeholder\n<p>&nbsp;<\/p>\n<p>&nbsp;<\/p>\n","protected":false},"excerpt":{"rendered":"<p>Le vendredi 10 juin, nous sommes all\u00e9s \u00e0 Abbaretz rencontrer les \u00e9coles de Puceul et d&#8217;Abbaretz . Nous avons particip\u00e9 \u00e0 six ateliers dans la journ\u00e9e: -nous sommes mont\u00e9s en haut du terril, -nous avons march\u00e9 en randonn\u00e9e autour du plateau, -nous avons fait un atelier \u00e9criture, -nous avons r\u00e9alis\u00e9 un atelier arts visuels avec&hellip; <br \/> <a class=\"read-more\" href=\"https:\/\/ecole-stjoseph-saffre.fr\/?p=1820\">Lire la suite<\/a><\/p>\n","protected":false},"author":7,"featured_media":0,"comment_status":"closed","ping_status":"closed","sticky":false,"template":"","format":"standard","meta":{"ngg_post_thumbnail":0,"footnotes":""},"categories":[5],"tags":[],"_links":{"self":[{"href":"https:\/\/ecole-stjoseph-saffre.fr\/index.php?rest_route=\/wp\/v2\/posts\/1820"}],"collection":[{"href":"https:\/\/ecole-stjoseph-saffre.fr\/index.php?rest_route=\/wp\/v2\/posts"}],"about":[{"href":"https:\/\/ecole-stjoseph-saffre.fr\/index.php?rest_route=\/wp\/v2\/types\/post"}],"author":[{"embeddable":true,"href":"https:\/\/ecole-stjoseph-saffre.fr\/index.php?rest_route=\/wp\/v2\/users\/7"}],"replies":[{"embeddable":true,"href":"https:\/\/ecole-stjoseph-saffre.fr\/index.php?rest_route=%2Fwp%2Fv2%2Fcomments&post=1820"}],"version-history":[{"count":0,"href":"https:\/\/ecole-stjoseph-saffre.fr\/index.php?rest_route=\/wp\/v2\/posts\/1820\/revisions"}],"wp:attachment":[{"href":"https:\/\/ecole-stjoseph-saffre.fr\/index.php?rest_route=%2Fwp%2Fv2%2Fmedia&parent=1820"}],"wp:term":[{"taxonomy":"category","embeddable":true,"href":"https:\/\/ecole-stjoseph-saffre.fr\/index.php?rest_route=%2Fwp%2Fv2%2Fcategories&post=1820"},{"taxonomy":"post_tag","embeddable":true,"href":"https:\/\/ecole-stjoseph-saffre.fr\/index.php?rest_route=%2Fwp%2Fv2%2Ftags&post=1820"}],"curies":[{"name":"wp","href":"https:\/\/api.w.org\/{rel}","templated":true}]}}