{"id":2068,"date":"2016-09-05T11:29:06","date_gmt":"2016-09-05T10:29:06","guid":{"rendered":"https:\/\/ecole-stjoseph-saffre.fr\/?p=2068"},"modified":"2016-09-05T11:29:06","modified_gmt":"2016-09-05T10:29:06","slug":"vide-greniers-25-septembre-2016-bulletins-dinscription-disponibles","status":"publish","type":"post","link":"https:\/\/ecole-stjoseph-saffre.fr\/?p=2068","title":{"rendered":"VIDE GRENIERS 25 SEPTEMBRE 2016 &#8211; BULLETINS D&#8217;INSCRIPTION DISPONIBLES"},"content":{"rendered":"<p>L\u2019Ogec de l\u2019Ecole priv\u00e9e Saint-Joseph organise son vide-greniers ouvert aux particuliers et aux professionnels le :<\/p>\n<h3><strong>Dimanche 25 septembre 2016 de 9h00 \u00e0 18h00 au Parc du Ch\u00e2teau.<br \/>\n<\/strong><\/h3>\n<p style=\"text-align: left;\">Prix du m\u00e8tre lin\u00e9aire : 3 euros<a href=\"https:\/\/ecole-stjoseph-saffre.fr\/wp-content\/uploads\/2016\/08\/vide_greniers.jpg\"><img loading=\"lazy\" decoding=\"async\" class=\"alignright size-medium wp-image-2076\" src=\"https:\/\/ecole-stjoseph-saffre.fr\/wp-content\/uploads\/2016\/08\/vide_greniers-300x200.jpg\" alt=\"vide_greniers\" width=\"300\" height=\"200\" srcset=\"https:\/\/ecole-stjoseph-saffre.fr\/wp-content\/uploads\/2016\/08\/vide_greniers-300x200.jpg 300w, https:\/\/ecole-stjoseph-saffre.fr\/wp-content\/uploads\/2016\/08\/vide_greniers.jpg 460w\" sizes=\"(max-width: 300px) 100vw, 300px\" \/><\/a><br \/>\n4 m\u00e8tres minimum pour un emplacement avec voiture.<\/p>\n<p style=\"text-align: left;\"><strong>Entr\u00e9e gratuite pour les visiteurs.<\/strong><\/p>\n<p style=\"text-align: left;\">Sur place,\u00a0sandwiches, frites, grillades, boissons chaudes, bonbons, g\u00e2teaux, cr\u00eapes, galettes et buvette.<\/p>\n<h5><strong><span style=\"color: #ff0000;\">Vous pouvez d\u00e8s \u00e0 pr\u00e9sent t\u00e9l\u00e9charger le bulletin de r\u00e9servation (particulier \/ professionnel)\u00a0ci-dessous.<\/span><\/strong><br \/>\n<strong> <span style=\"color: #ff0000;\">Renseignements et inscriptions aupr\u00e8s de Ga\u00ebl LOQUET au 06.12.90.65.55<\/span><\/strong><\/h5>\n<p><iframe src=\"\/\/docs.google.com\/viewer?url=https%3A%2F%2Fecole-stjoseph-saffre.fr%2Fwp-content%2Fuploads%2F2016%2F08%2Fbulletin-inscription-particulier-2016.pdf&hl=fr&embedded=true\" class=\"gde-frame\" style=\"width:100%; height:500px; border: none;\" scrolling=\"no\"><\/iframe>\n<p class=\"gde-text\"><a href=\"https:\/\/ecole-stjoseph-saffre.fr\/wp-content\/uploads\/2016\/08\/bulletin-inscription-particulier-2016.pdf\" class=\"gde-link\">T\u00e9l\u00e9charger (PDF, 346KB)<\/a><\/p> <iframe src=\"\/\/docs.google.com\/viewer?url=https%3A%2F%2Fecole-stjoseph-saffre.fr%2Fwp-content%2Fuploads%2F2016%2F08%2Fbulletin-inscription-professionnel-2016.pdf&hl=fr&embedded=true\" class=\"gde-frame\" style=\"width:100%; height:500px; border: none;\" scrolling=\"no\"><\/iframe>\n<p class=\"gde-text\"><a href=\"https:\/\/ecole-stjoseph-saffre.fr\/wp-content\/uploads\/2016\/08\/bulletin-inscription-professionnel-2016.pdf\" class=\"gde-link\">T\u00e9l\u00e9charger (PDF, 345KB)<\/a><\/p><\/p>\n","protected":false},"excerpt":{"rendered":"<p>L\u2019Ogec de l\u2019Ecole priv\u00e9e Saint-Joseph organise son vide-greniers ouvert aux particuliers et aux professionnels le : Dimanche 25 septembre 2016 de 9h00 \u00e0 18h00 au Parc du Ch\u00e2teau. Prix du m\u00e8tre lin\u00e9aire : 3 euros 4 m\u00e8tres minimum pour un emplacement avec voiture. Entr\u00e9e gratuite pour les visiteurs. Sur place,\u00a0sandwiches, frites, grillades, boissons chaudes, bonbons,&hellip; <br \/> <a class=\"read-more\" href=\"https:\/\/ecole-stjoseph-saffre.fr\/?p=2068\">Lire la suite<\/a><\/p>\n","protected":false},"author":10,"featured_media":0,"comment_status":"closed","ping_status":"closed","sticky":false,"template":"","format":"standard","meta":{"ngg_post_thumbnail":0,"footnotes":""},"categories":[13],"tags":[54],"_links":{"self":[{"href":"https:\/\/ecole-stjoseph-saffre.fr\/index.php?rest_route=\/wp\/v2\/posts\/2068"}],"collection":[{"href":"https:\/\/ecole-stjoseph-saffre.fr\/index.php?rest_route=\/wp\/v2\/posts"}],"about":[{"href":"https:\/\/ecole-stjoseph-saffre.fr\/index.php?rest_route=\/wp\/v2\/types\/post"}],"author":[{"embeddable":true,"href":"https:\/\/ecole-stjoseph-saffre.fr\/index.php?rest_route=\/wp\/v2\/users\/10"}],"replies":[{"embeddable":true,"href":"https:\/\/ecole-stjoseph-saffre.fr\/index.php?rest_route=%2Fwp%2Fv2%2Fcomments&post=2068"}],"version-history":[{"count":0,"href":"https:\/\/ecole-stjoseph-saffre.fr\/index.php?rest_route=\/wp\/v2\/posts\/2068\/revisions"}],"wp:attachment":[{"href":"https:\/\/ecole-stjoseph-saffre.fr\/index.php?rest_route=%2Fwp%2Fv2%2Fmedia&parent=2068"}],"wp:term":[{"taxonomy":"category","embeddable":true,"href":"https:\/\/ecole-stjoseph-saffre.fr\/index.php?rest_route=%2Fwp%2Fv2%2Fcategories&post=2068"},{"taxonomy":"post_tag","embeddable":true,"href":"https:\/\/ecole-stjoseph-saffre.fr\/index.php?rest_route=%2Fwp%2Fv2%2Ftags&post=2068"}],"curies":[{"name":"wp","href":"https:\/\/api.w.org\/{rel}","templated":true}]}}