{"id":2104,"date":"2016-09-14T16:34:07","date_gmt":"2016-09-14T15:34:07","guid":{"rendered":"https:\/\/ecole-stjoseph-saffre.fr\/?p=2104"},"modified":"2019-01-04T09:30:48","modified_gmt":"2019-01-04T08:30:48","slug":"les-ateliers-demarrent","status":"publish","type":"post","link":"https:\/\/ecole-stjoseph-saffre.fr\/?p=2104","title":{"rendered":"Les ateliers d\u00e9marrent !"},"content":{"rendered":"<p>Nous sommes r\u00e9partis en 4 groupes de couleur : rouge, jaune, vert et bleu. Nous avons commenc\u00e9 les ateliers de lecture&nbsp; et les ateliers de math\u00e9matiques (le mercredi).<\/p>\n<p>Voici quelques photos &#8230;<\/p>\nngg_shortcode_0_placeholder\n","protected":false},"excerpt":{"rendered":"<p>Nous sommes r\u00e9partis en 4 groupes de couleur : rouge, jaune, vert et bleu. Nous avons commenc\u00e9 les ateliers de lecture&nbsp; et les ateliers de math\u00e9matiques (le mercredi). Voici quelques photos &#8230;<\/p>\n","protected":false},"author":12,"featured_media":0,"comment_status":"closed","ping_status":"closed","sticky":false,"template":"","format":"standard","meta":{"ngg_post_thumbnail":0,"footnotes":""},"categories":[7],"tags":[],"_links":{"self":[{"href":"https:\/\/ecole-stjoseph-saffre.fr\/index.php?rest_route=\/wp\/v2\/posts\/2104"}],"collection":[{"href":"https:\/\/ecole-stjoseph-saffre.fr\/index.php?rest_route=\/wp\/v2\/posts"}],"about":[{"href":"https:\/\/ecole-stjoseph-saffre.fr\/index.php?rest_route=\/wp\/v2\/types\/post"}],"author":[{"embeddable":true,"href":"https:\/\/ecole-stjoseph-saffre.fr\/index.php?rest_route=\/wp\/v2\/users\/12"}],"replies":[{"embeddable":true,"href":"https:\/\/ecole-stjoseph-saffre.fr\/index.php?rest_route=%2Fwp%2Fv2%2Fcomments&post=2104"}],"version-history":[{"count":0,"href":"https:\/\/ecole-stjoseph-saffre.fr\/index.php?rest_route=\/wp\/v2\/posts\/2104\/revisions"}],"wp:attachment":[{"href":"https:\/\/ecole-stjoseph-saffre.fr\/index.php?rest_route=%2Fwp%2Fv2%2Fmedia&parent=2104"}],"wp:term":[{"taxonomy":"category","embeddable":true,"href":"https:\/\/ecole-stjoseph-saffre.fr\/index.php?rest_route=%2Fwp%2Fv2%2Fcategories&post=2104"},{"taxonomy":"post_tag","embeddable":true,"href":"https:\/\/ecole-stjoseph-saffre.fr\/index.php?rest_route=%2Fwp%2Fv2%2Ftags&post=2104"}],"curies":[{"name":"wp","href":"https:\/\/api.w.org\/{rel}","templated":true}]}}