{"id":2304,"date":"2016-10-24T12:18:43","date_gmt":"2016-10-24T11:18:43","guid":{"rendered":"https:\/\/ecole-stjoseph-saffre.fr\/?p=2304"},"modified":"2016-10-24T12:18:43","modified_gmt":"2016-10-24T11:18:43","slug":"nos-delegues","status":"publish","type":"post","link":"https:\/\/ecole-stjoseph-saffre.fr\/?p=2304","title":{"rendered":"Nos d\u00e9l\u00e9gu\u00e9s"},"content":{"rendered":"<p>Ca y est, nous avons choisi nos 2 d\u00e9l\u00e9gu\u00e9s: Na\u00e9 et Kilian.<br \/>\nPour cela, nous avons proc\u00e9d\u00e9 \u00e0 un vote dans la classe. Chacun de nous devait \u00e9crire un pr\u00e9nom de fille et un pr\u00e9nom de gar\u00e7on sur un petit papier.<br \/>\nNous ne devions pas r\u00e9\u00e9crire les pr\u00e9noms des d\u00e9l\u00e9gu\u00e9s de GS ni \u00e9crire notre propre pr\u00e9nom.<\/p>\n<p><a href=\"https:\/\/ecole-stjoseph-saffre.fr\/wp-content\/uploads\/2016\/10\/DSC_0031.jpg\"><img loading=\"lazy\" decoding=\"async\" class=\"alignright size-medium wp-image-2306\" src=\"https:\/\/ecole-stjoseph-saffre.fr\/wp-content\/uploads\/2016\/10\/DSC_0031-300x225.jpg\" alt=\"dsc_0031\" width=\"300\" height=\"225\" srcset=\"https:\/\/ecole-stjoseph-saffre.fr\/wp-content\/uploads\/2016\/10\/DSC_0031-300x225.jpg 300w, https:\/\/ecole-stjoseph-saffre.fr\/wp-content\/uploads\/2016\/10\/DSC_0031-768x576.jpg 768w, https:\/\/ecole-stjoseph-saffre.fr\/wp-content\/uploads\/2016\/10\/DSC_0031-1024x768.jpg 1024w, https:\/\/ecole-stjoseph-saffre.fr\/wp-content\/uploads\/2016\/10\/DSC_0031.jpg 2048w\" sizes=\"(max-width: 300px) 100vw, 300px\" \/><\/a><a href=\"https:\/\/ecole-stjoseph-saffre.fr\/wp-content\/uploads\/2016\/10\/DSC_0028.jpg\"><img loading=\"lazy\" decoding=\"async\" class=\"alignright size-medium wp-image-2305\" src=\"https:\/\/ecole-stjoseph-saffre.fr\/wp-content\/uploads\/2016\/10\/DSC_0028-300x225.jpg\" alt=\"dsc_0028\" width=\"300\" height=\"225\" srcset=\"https:\/\/ecole-stjoseph-saffre.fr\/wp-content\/uploads\/2016\/10\/DSC_0028-300x225.jpg 300w, https:\/\/ecole-stjoseph-saffre.fr\/wp-content\/uploads\/2016\/10\/DSC_0028-768x576.jpg 768w, https:\/\/ecole-stjoseph-saffre.fr\/wp-content\/uploads\/2016\/10\/DSC_0028-1024x768.jpg 1024w, https:\/\/ecole-stjoseph-saffre.fr\/wp-content\/uploads\/2016\/10\/DSC_0028.jpg 2048w\" sizes=\"(max-width: 300px) 100vw, 300px\" \/><\/a><\/p>\n","protected":false},"excerpt":{"rendered":"<p>Ca y est, nous avons choisi nos 2 d\u00e9l\u00e9gu\u00e9s: Na\u00e9 et Kilian. Pour cela, nous avons proc\u00e9d\u00e9 \u00e0 un vote dans la classe. Chacun de nous devait \u00e9crire un pr\u00e9nom de fille et un pr\u00e9nom de gar\u00e7on sur un petit papier. Nous ne devions pas r\u00e9\u00e9crire les pr\u00e9noms des d\u00e9l\u00e9gu\u00e9s de GS ni \u00e9crire notre&hellip; <br \/> <a class=\"read-more\" href=\"https:\/\/ecole-stjoseph-saffre.fr\/?p=2304\">Lire la suite<\/a><\/p>\n","protected":false},"author":3,"featured_media":0,"comment_status":"closed","ping_status":"closed","sticky":false,"template":"","format":"standard","meta":{"ngg_post_thumbnail":0,"footnotes":""},"categories":[8],"tags":[],"_links":{"self":[{"href":"https:\/\/ecole-stjoseph-saffre.fr\/index.php?rest_route=\/wp\/v2\/posts\/2304"}],"collection":[{"href":"https:\/\/ecole-stjoseph-saffre.fr\/index.php?rest_route=\/wp\/v2\/posts"}],"about":[{"href":"https:\/\/ecole-stjoseph-saffre.fr\/index.php?rest_route=\/wp\/v2\/types\/post"}],"author":[{"embeddable":true,"href":"https:\/\/ecole-stjoseph-saffre.fr\/index.php?rest_route=\/wp\/v2\/users\/3"}],"replies":[{"embeddable":true,"href":"https:\/\/ecole-stjoseph-saffre.fr\/index.php?rest_route=%2Fwp%2Fv2%2Fcomments&post=2304"}],"version-history":[{"count":0,"href":"https:\/\/ecole-stjoseph-saffre.fr\/index.php?rest_route=\/wp\/v2\/posts\/2304\/revisions"}],"wp:attachment":[{"href":"https:\/\/ecole-stjoseph-saffre.fr\/index.php?rest_route=%2Fwp%2Fv2%2Fmedia&parent=2304"}],"wp:term":[{"taxonomy":"category","embeddable":true,"href":"https:\/\/ecole-stjoseph-saffre.fr\/index.php?rest_route=%2Fwp%2Fv2%2Fcategories&post=2304"},{"taxonomy":"post_tag","embeddable":true,"href":"https:\/\/ecole-stjoseph-saffre.fr\/index.php?rest_route=%2Fwp%2Fv2%2Ftags&post=2304"}],"curies":[{"name":"wp","href":"https:\/\/api.w.org\/{rel}","templated":true}]}}