{"id":2313,"date":"2016-10-24T12:39:42","date_gmt":"2016-10-24T11:39:42","guid":{"rendered":"https:\/\/ecole-stjoseph-saffre.fr\/?p=2313"},"modified":"2016-10-24T12:39:42","modified_gmt":"2016-10-24T11:39:42","slug":"mediatheque","status":"publish","type":"post","link":"https:\/\/ecole-stjoseph-saffre.fr\/?p=2313","title":{"rendered":"M\u00e9diath\u00e8que"},"content":{"rendered":"<p>Lundi 17 octobre, nous sommes all\u00e9s \u00e0 la m\u00e9diath\u00e8que, accompagn\u00e9s par 2 mamans. Nous y avons \u00e9t\u00e9 accueillis par Sophie et Martine.<br \/>\nAvec Martine, nous avons d\u00e9couvert un livre\u00a0sur Matisse et avec Sophie, nous avons pu\u00a0choisir 15 livres (des albums et des documentaires) pour notre classe.<br \/>\nLes mamans nous ont lus des histoires. C&#8217;\u00e9tait un moment agr\u00e9able. Vivement notre prochaine visite le lundi 14 novembre!<\/p>\n<p><a href=\"https:\/\/ecole-stjoseph-saffre.fr\/wp-content\/uploads\/2016\/10\/DSC_0035.jpg\"><img loading=\"lazy\" decoding=\"async\" class=\"alignright size-medium wp-image-2315\" src=\"https:\/\/ecole-stjoseph-saffre.fr\/wp-content\/uploads\/2016\/10\/DSC_0035-300x225.jpg\" alt=\"dsc_0035\" width=\"300\" height=\"225\" srcset=\"https:\/\/ecole-stjoseph-saffre.fr\/wp-content\/uploads\/2016\/10\/DSC_0035-300x225.jpg 300w, https:\/\/ecole-stjoseph-saffre.fr\/wp-content\/uploads\/2016\/10\/DSC_0035-768x576.jpg 768w, https:\/\/ecole-stjoseph-saffre.fr\/wp-content\/uploads\/2016\/10\/DSC_0035-1024x768.jpg 1024w, https:\/\/ecole-stjoseph-saffre.fr\/wp-content\/uploads\/2016\/10\/DSC_0035.jpg 2048w\" sizes=\"(max-width: 300px) 100vw, 300px\" \/><\/a><a href=\"https:\/\/ecole-stjoseph-saffre.fr\/wp-content\/uploads\/2016\/10\/DSC_0038.jpg\"><img loading=\"lazy\" decoding=\"async\" class=\"alignright size-medium wp-image-2316\" src=\"https:\/\/ecole-stjoseph-saffre.fr\/wp-content\/uploads\/2016\/10\/DSC_0038-300x225.jpg\" alt=\"dsc_0038\" width=\"300\" height=\"225\" srcset=\"https:\/\/ecole-stjoseph-saffre.fr\/wp-content\/uploads\/2016\/10\/DSC_0038-300x225.jpg 300w, https:\/\/ecole-stjoseph-saffre.fr\/wp-content\/uploads\/2016\/10\/DSC_0038-768x576.jpg 768w, https:\/\/ecole-stjoseph-saffre.fr\/wp-content\/uploads\/2016\/10\/DSC_0038-1024x768.jpg 1024w, https:\/\/ecole-stjoseph-saffre.fr\/wp-content\/uploads\/2016\/10\/DSC_0038.jpg 2048w\" sizes=\"(max-width: 300px) 100vw, 300px\" \/><\/a><\/p>\n","protected":false},"excerpt":{"rendered":"<p>Lundi 17 octobre, nous sommes all\u00e9s \u00e0 la m\u00e9diath\u00e8que, accompagn\u00e9s par 2 mamans. Nous y avons \u00e9t\u00e9 accueillis par Sophie et Martine. Avec Martine, nous avons d\u00e9couvert un livre\u00a0sur Matisse et avec Sophie, nous avons pu\u00a0choisir 15 livres (des albums et des documentaires) pour notre classe. Les mamans nous ont lus des histoires. C&#8217;\u00e9tait un&hellip; <br \/> <a class=\"read-more\" href=\"https:\/\/ecole-stjoseph-saffre.fr\/?p=2313\">Lire la suite<\/a><\/p>\n","protected":false},"author":3,"featured_media":0,"comment_status":"closed","ping_status":"closed","sticky":false,"template":"","format":"standard","meta":{"ngg_post_thumbnail":0,"footnotes":""},"categories":[8],"tags":[],"_links":{"self":[{"href":"https:\/\/ecole-stjoseph-saffre.fr\/index.php?rest_route=\/wp\/v2\/posts\/2313"}],"collection":[{"href":"https:\/\/ecole-stjoseph-saffre.fr\/index.php?rest_route=\/wp\/v2\/posts"}],"about":[{"href":"https:\/\/ecole-stjoseph-saffre.fr\/index.php?rest_route=\/wp\/v2\/types\/post"}],"author":[{"embeddable":true,"href":"https:\/\/ecole-stjoseph-saffre.fr\/index.php?rest_route=\/wp\/v2\/users\/3"}],"replies":[{"embeddable":true,"href":"https:\/\/ecole-stjoseph-saffre.fr\/index.php?rest_route=%2Fwp%2Fv2%2Fcomments&post=2313"}],"version-history":[{"count":0,"href":"https:\/\/ecole-stjoseph-saffre.fr\/index.php?rest_route=\/wp\/v2\/posts\/2313\/revisions"}],"wp:attachment":[{"href":"https:\/\/ecole-stjoseph-saffre.fr\/index.php?rest_route=%2Fwp%2Fv2%2Fmedia&parent=2313"}],"wp:term":[{"taxonomy":"category","embeddable":true,"href":"https:\/\/ecole-stjoseph-saffre.fr\/index.php?rest_route=%2Fwp%2Fv2%2Fcategories&post=2313"},{"taxonomy":"post_tag","embeddable":true,"href":"https:\/\/ecole-stjoseph-saffre.fr\/index.php?rest_route=%2Fwp%2Fv2%2Ftags&post=2313"}],"curies":[{"name":"wp","href":"https:\/\/api.w.org\/{rel}","templated":true}]}}