{"id":2346,"date":"2016-11-08T08:42:25","date_gmt":"2016-11-08T07:42:25","guid":{"rendered":"https:\/\/ecole-stjoseph-saffre.fr\/?p=2346"},"modified":"2016-11-08T08:42:25","modified_gmt":"2016-11-08T07:42:25","slug":"parents-aidez-nous-a-preparer-le-marche-de-noel-2016","status":"publish","type":"post","link":"https:\/\/ecole-stjoseph-saffre.fr\/?p=2346","title":{"rendered":"Parents, aidez-nous \u00e0 pr\u00e9parer le march\u00e9 de No\u00ebl 2016 !"},"content":{"rendered":"<p><a href=\"https:\/\/ecole-stjoseph-saffre.fr\/wp-content\/uploads\/2016\/11\/marche_noel.jpg\"><img loading=\"lazy\" decoding=\"async\" class=\" wp-image-2357 alignleft\" src=\"https:\/\/ecole-stjoseph-saffre.fr\/wp-content\/uploads\/2016\/11\/marche_noel.jpg\" alt=\"marche_noel\" width=\"274\" height=\"198\" \/><\/a>Suite \u00e0 la rencontre de Mercredi 19 octobre concernant le futur March\u00e9 de No\u00ebl\u00a0:<\/p>\n<p>Nous avons choisi de fabriquer diff\u00e9rents objets. Des ateliers de bricolage vous sont propos\u00e9s ci-dessous.<\/p>\n<p>Nous faisons appel <strong><u>\u00e0 toutes les bonnes volont\u00e9s<\/u><\/strong> (parents, grands-parents) pour s&#8217;associer \u00e0 ces ateliers conviviaux de fabrication, d\u00e9coration ou cuisine dans un esprit \u00ab\u00a0bon enfant\u00a0\u00bb.<\/p>\n<p>Pour toute question, <u>vous pouvez contacter la personne r\u00e9f\u00e9rente de chaque atelier<\/u> sans engagement de votre part\u00a0:<\/p>\n<p><a href=\"https:\/\/ecole-stjoseph-saffre.fr\/wp-content\/uploads\/2015\/11\/Sapin.jpg\"><img loading=\"lazy\" decoding=\"async\" class=\"alignright size-full wp-image-1153\" src=\"https:\/\/ecole-stjoseph-saffre.fr\/wp-content\/uploads\/2015\/11\/Sapin.jpg\" alt=\"Sapin\" width=\"191\" height=\"264\" \/><\/a><\/p>\n<ul style=\"list-style-type: circle\">\n<li>Atelier \u00ab\u00a0Bricolage\u00a0\u00bb (Bonhomme de neige, boules de No\u00ebl, cartes de v\u0153ux, etc\u2026)\u00a0: Pascale FOUCHER au 06.07.22.46.94<\/li>\n<li>Atelier \u00ab\u00a0Brochettes de bonbons\u00a0\u00bb: Magalie CLAVIER au 02.51.81.51.64<\/li>\n<li>Atelier \u00ab\u00a0Cuisine\u00a0\u00bb: Pascale FOUCHER au 06.07.22.46.94<\/li>\n<\/ul>\n<p>La fabrication n\u00e9cessite de la mati\u00e8re premi\u00e8re\u00a0! A ce titre, vous pouvez nous confier diff\u00e9rentes mati\u00e8res ou objets dont vous ne vous servez plus et qui nous seront utiles. Vous pourrez <u>les d\u00e9poser directement dans un carton mis \u00e0 votre disposition dans le hall d&#8217;accueil de Dominique PINEAU<\/u>, classe de petite section\u00a0:<\/p>\n<ul style=\"list-style-type: circle\">\n<li>bouteilles en verre 1L de jus de fruits avec ou sans bouchon<\/li>\n<li>petites pommes de pin<\/li>\n<li>capsules Nespresso (vides\u00a0!)<\/li>\n<li>rouleau en carton de papier toilettes ou essuie-tout (non \u00e9cras\u00e9)<\/li>\n<li>reste de rubans de diverses couleurs<\/li>\n<li>diverses d\u00e9coration de No\u00ebl (boules petites et grandes, guirlandes, perles, petits sujets, etc&#8230;)<\/li>\n<li>restes de feutrine ou tissus ou serviettes papier \u00e0 motif festif<\/li>\n<li>d\u00e9corations de No\u00ebl de grand magasin ou grande surface pour ceux qui peuvent en r\u00e9cup\u00e9rer<\/li>\n<\/ul>\n<p>Comme chaque ann\u00e9e, nous allons <strong>proposer des p\u00e2tisseries<\/strong>,<strong> sabl\u00e9s, chocolats, truffes, confitures, cr\u00eapes,<\/strong> etc&#8230; \u00e0 vendre, confectionn\u00e9s par les parents. A cette occasion, vous pouvez vous y associer en <u>d\u00e9posant vos r\u00e9alisations culinaires<\/u> le vendredi soir 2 d\u00e9cembre \u00e0 l&#8217;\u00e9cole, ou directement au <strong>march\u00e9 le samedi 3 d\u00e9cembre<\/strong>. Un mot repassera fin novembre dans les cahiers \u00e0 cet effet.<\/p>\n<p>Merci par avance pour vos dons et votre participation.<\/p>\n<p>Les membres de l&#8217;OGEC<\/p>\n<p style=\"text-align: center\"><span style=\"color: #ff0000\"><em>Des coupons de participatio<a href=\"https:\/\/ecole-stjoseph-saffre.fr\/wp-content\/uploads\/2016\/11\/agenda.jpg\"><img loading=\"lazy\" decoding=\"async\" class=\"wp-image-2356 alignleft\" src=\"https:\/\/ecole-stjoseph-saffre.fr\/wp-content\/uploads\/2016\/11\/agenda.jpg\" alt=\"agenda\" width=\"109\" height=\"105\" srcset=\"https:\/\/ecole-stjoseph-saffre.fr\/wp-content\/uploads\/2016\/11\/agenda.jpg 940w, https:\/\/ecole-stjoseph-saffre.fr\/wp-content\/uploads\/2016\/11\/agenda-300x289.jpg 300w, https:\/\/ecole-stjoseph-saffre.fr\/wp-content\/uploads\/2016\/11\/agenda-768x740.jpg 768w\" sizes=\"(max-width: 109px) 100vw, 109px\" \/><\/a>n aux ateliers, sont pr\u00e9sents dans les cahiers :<\/em><\/span><\/p>\n<p style=\"text-align: center\"><span style=\"color: #ff0000\"><em>pensez \u00e0 les remplir et \u00e0 les rapporter \u00e0 l&#8217;\u00e9cole, merci !<\/em><\/span><\/p>\n<h3 style=\"text-align: center\"><\/h3>\n<h3 style=\"text-align: center\">Voici les dates des ateliers :<\/h3>\n<ul>\n<li><strong>Atelier \u00ab\u00a0Bricolage\u00a0\u00bb\u00a0<\/strong>(Bonhomme de neige, boule de No\u00ebl, cartes de v\u0153ux, etc)\u00a0:\n<ul>\n<li>Le vendredi 11 novembre \u00e0 partir de 9h30 (matin et apr\u00e8s-midi) \u00e0 l\u2019\u00e9cole<\/li>\n<li>Le mercredi 16 novembre \u00e0 partir de 14h \u00e0 l\u2019\u00e9cole<\/li>\n<li>Le mercredi 23 novembre \u00e0 partir de 14h \u00e0 l\u2019\u00e9cole \u00a0(cette date sera \u00e0 reconfirmer en fonction de l\u2019avancement des travaux)<\/li>\n<\/ul>\n<\/li>\n<li><strong>Atelier \u00ab\u00a0Brochettes de bonbons\u00a0\u00bb<\/strong>\n<ul>\n<li>le mercredi 30 novembre \u00e0 20 h 00 \u00e0 l\u2019\u00e9cole<\/li>\n<\/ul>\n<\/li>\n<li><strong>Atelier \u00ab\u00a0Cuisine\u00a0\u00bb<\/strong>\n<ul>\n<li>le mercredi 30 novembre \u00e0 14h00 chez Mme FOUCHER \u2013 115 la Jossaie<\/li>\n<li>le vendredi\u00a0 2 d\u00e9cembre \u00e0 9h30 chez Mme JOUBREIL \u2013 3 All\u00e9e du Pont Morin<\/li>\n<\/ul>\n<\/li>\n<\/ul>\n","protected":false},"excerpt":{"rendered":"<p>Suite \u00e0 la rencontre de Mercredi 19 octobre concernant le futur March\u00e9 de No\u00ebl\u00a0: Nous avons choisi de fabriquer diff\u00e9rents objets. Des ateliers de bricolage vous sont propos\u00e9s ci-dessous. Nous faisons appel \u00e0 toutes les bonnes volont\u00e9s (parents, grands-parents) pour s&#8217;associer \u00e0 ces ateliers conviviaux de fabrication, d\u00e9coration ou cuisine dans un esprit \u00ab\u00a0bon enfant\u00a0\u00bb.&hellip; <br \/> <a class=\"read-more\" href=\"https:\/\/ecole-stjoseph-saffre.fr\/?p=2346\">Lire la suite<\/a><\/p>\n","protected":false},"author":10,"featured_media":0,"comment_status":"closed","ping_status":"closed","sticky":false,"template":"","format":"standard","meta":{"ngg_post_thumbnail":0,"footnotes":""},"categories":[13],"tags":[58],"_links":{"self":[{"href":"https:\/\/ecole-stjoseph-saffre.fr\/index.php?rest_route=\/wp\/v2\/posts\/2346"}],"collection":[{"href":"https:\/\/ecole-stjoseph-saffre.fr\/index.php?rest_route=\/wp\/v2\/posts"}],"about":[{"href":"https:\/\/ecole-stjoseph-saffre.fr\/index.php?rest_route=\/wp\/v2\/types\/post"}],"author":[{"embeddable":true,"href":"https:\/\/ecole-stjoseph-saffre.fr\/index.php?rest_route=\/wp\/v2\/users\/10"}],"replies":[{"embeddable":true,"href":"https:\/\/ecole-stjoseph-saffre.fr\/index.php?rest_route=%2Fwp%2Fv2%2Fcomments&post=2346"}],"version-history":[{"count":0,"href":"https:\/\/ecole-stjoseph-saffre.fr\/index.php?rest_route=\/wp\/v2\/posts\/2346\/revisions"}],"wp:attachment":[{"href":"https:\/\/ecole-stjoseph-saffre.fr\/index.php?rest_route=%2Fwp%2Fv2%2Fmedia&parent=2346"}],"wp:term":[{"taxonomy":"category","embeddable":true,"href":"https:\/\/ecole-stjoseph-saffre.fr\/index.php?rest_route=%2Fwp%2Fv2%2Fcategories&post=2346"},{"taxonomy":"post_tag","embeddable":true,"href":"https:\/\/ecole-stjoseph-saffre.fr\/index.php?rest_route=%2Fwp%2Fv2%2Ftags&post=2346"}],"curies":[{"name":"wp","href":"https:\/\/api.w.org\/{rel}","templated":true}]}}