{"id":2371,"date":"2016-11-08T18:52:49","date_gmt":"2016-11-08T17:52:49","guid":{"rendered":"https:\/\/ecole-stjoseph-saffre.fr\/?p=2371"},"modified":"2016-11-08T18:52:49","modified_gmt":"2016-11-08T17:52:49","slug":"la-rentree-des-classes-2016","status":"publish","type":"post","link":"https:\/\/ecole-stjoseph-saffre.fr\/?p=2371","title":{"rendered":"La rentr\u00e9e des classes 2016"},"content":{"rendered":"<p style=\"text-align: justify;\">Le jeudi premier septembre 2016, on s\u2019est lev\u00e9 t\u00f4t pour se pr\u00e9parer. S\u00e9verine est notre ma\u00eetresse pour le mercredi matin et le jeudi, et Colombe le reste de la semaine. Le premier jour, nous avons fait la pr\u00e9sentation des nouveaux \u00e9l\u00e8ves et des ma\u00eetresses. Les classes \u00e9taient bien pr\u00e9par\u00e9es pour nous accueillir.\u00a0 En arts plastiques, nous avons fait des cartes avec nos pr\u00e9noms dessus. Les jours suivants, on s\u2019entendait bien avec les nouveaux \u00e9l\u00e8ves et l\u2019ann\u00e9e pouvait commencer. Le premier mois est d\u00e9j\u00e0 pass\u00e9 avec\u00a0 quelques sorties scolaires, et tout s\u2019est bien d\u00e9roul\u00e9, les ma\u00eetresses sont tr\u00e8s gentilles. On \u00e9tait tr\u00e8s content de rentrer dans la classe CM2 pour notre derni\u00e8re ann\u00e9e. On a trouv\u00e9 cette rentr\u00e9e tr\u00e8s joyeuse.<\/p>\n<p style=\"text-align: right;\">Maya et Susie<\/p>\n<p style=\"text-align: center;\"><a href=\"https:\/\/ecole-stjoseph-saffre.fr\/wp-content\/uploads\/2016\/11\/DSC00853.jpg\"><img loading=\"lazy\" decoding=\"async\" class=\"aligncenter  wp-image-2372\" src=\"https:\/\/ecole-stjoseph-saffre.fr\/wp-content\/uploads\/2016\/11\/DSC00853-300x225.jpg\" alt=\"dsc00853\" width=\"363\" height=\"272\" srcset=\"https:\/\/ecole-stjoseph-saffre.fr\/wp-content\/uploads\/2016\/11\/DSC00853-300x225.jpg 300w, https:\/\/ecole-stjoseph-saffre.fr\/wp-content\/uploads\/2016\/11\/DSC00853-768x576.jpg 768w, https:\/\/ecole-stjoseph-saffre.fr\/wp-content\/uploads\/2016\/11\/DSC00853-1024x768.jpg 1024w, https:\/\/ecole-stjoseph-saffre.fr\/wp-content\/uploads\/2016\/11\/DSC00853.jpg 2048w\" sizes=\"(max-width: 363px) 100vw, 363px\" \/><\/a><\/p>\n","protected":false},"excerpt":{"rendered":"<p>Le jeudi premier septembre 2016, on s\u2019est lev\u00e9 t\u00f4t pour se pr\u00e9parer. S\u00e9verine est notre ma\u00eetresse pour le mercredi matin et le jeudi, et Colombe le reste de la semaine. Le premier jour, nous avons fait la pr\u00e9sentation des nouveaux \u00e9l\u00e8ves et des ma\u00eetresses. Les classes \u00e9taient bien pr\u00e9par\u00e9es pour nous accueillir.\u00a0 En arts plastiques,&hellip; <br \/> <a class=\"read-more\" href=\"https:\/\/ecole-stjoseph-saffre.fr\/?p=2371\">Lire la suite<\/a><\/p>\n","protected":false},"author":2,"featured_media":0,"comment_status":"closed","ping_status":"closed","sticky":false,"template":"","format":"standard","meta":{"ngg_post_thumbnail":0,"footnotes":""},"categories":[4],"tags":[],"_links":{"self":[{"href":"https:\/\/ecole-stjoseph-saffre.fr\/index.php?rest_route=\/wp\/v2\/posts\/2371"}],"collection":[{"href":"https:\/\/ecole-stjoseph-saffre.fr\/index.php?rest_route=\/wp\/v2\/posts"}],"about":[{"href":"https:\/\/ecole-stjoseph-saffre.fr\/index.php?rest_route=\/wp\/v2\/types\/post"}],"author":[{"embeddable":true,"href":"https:\/\/ecole-stjoseph-saffre.fr\/index.php?rest_route=\/wp\/v2\/users\/2"}],"replies":[{"embeddable":true,"href":"https:\/\/ecole-stjoseph-saffre.fr\/index.php?rest_route=%2Fwp%2Fv2%2Fcomments&post=2371"}],"version-history":[{"count":0,"href":"https:\/\/ecole-stjoseph-saffre.fr\/index.php?rest_route=\/wp\/v2\/posts\/2371\/revisions"}],"wp:attachment":[{"href":"https:\/\/ecole-stjoseph-saffre.fr\/index.php?rest_route=%2Fwp%2Fv2%2Fmedia&parent=2371"}],"wp:term":[{"taxonomy":"category","embeddable":true,"href":"https:\/\/ecole-stjoseph-saffre.fr\/index.php?rest_route=%2Fwp%2Fv2%2Fcategories&post=2371"},{"taxonomy":"post_tag","embeddable":true,"href":"https:\/\/ecole-stjoseph-saffre.fr\/index.php?rest_route=%2Fwp%2Fv2%2Ftags&post=2371"}],"curies":[{"name":"wp","href":"https:\/\/api.w.org\/{rel}","templated":true}]}}