{"id":2436,"date":"2016-12-14T10:25:59","date_gmt":"2016-12-14T09:25:59","guid":{"rendered":"https:\/\/ecole-stjoseph-saffre.fr\/?p=2436"},"modified":"2016-12-14T10:25:59","modified_gmt":"2016-12-14T09:25:59","slug":"oeuvre-de-la-semaine-n9","status":"publish","type":"post","link":"https:\/\/ecole-stjoseph-saffre.fr\/?p=2436","title":{"rendered":"Oeuvre de la semaine n\u00b09"},"content":{"rendered":"<p>Th\u00e8me de la 9\u00e8me semaine : une \u0153uvre de Van Gogh<\/p>\n<p>Voici l\u2019\u0153uvre pr\u00e9f\u00e9r\u00e9e de la classe : la terrasse du caf\u00e9 le soir<\/p>\n<p><a href=\"https:\/\/ecole-stjoseph-saffre.fr\/wp-content\/uploads\/2016\/11\/CM1-09-Van-Gogh.jpg\"><img loading=\"lazy\" decoding=\"async\" class=\"aligncenter size-medium wp-image-2439\" src=\"https:\/\/ecole-stjoseph-saffre.fr\/wp-content\/uploads\/2016\/11\/CM1-09-Van-Gogh-239x300.jpg\" alt=\"\" width=\"239\" height=\"300\" srcset=\"https:\/\/ecole-stjoseph-saffre.fr\/wp-content\/uploads\/2016\/11\/CM1-09-Van-Gogh-239x300.jpg 239w, https:\/\/ecole-stjoseph-saffre.fr\/wp-content\/uploads\/2016\/11\/CM1-09-Van-Gogh.jpg 260w\" sizes=\"(max-width: 239px) 100vw, 239px\" \/><\/a>Van Gogh est un peintre n\u00e9erlandais.<br \/>\nIl est n\u00e9 en 1853 et est mort en 1890.<br \/>\nIl fait partie des peintres\u00a0 impressionnistes.<\/p>\n<p>Soyann, M\u00e9line, Loanne et Nolan<\/p>\n","protected":false},"excerpt":{"rendered":"<p>Th\u00e8me de la 9\u00e8me semaine : une \u0153uvre de Van Gogh Voici l\u2019\u0153uvre pr\u00e9f\u00e9r\u00e9e de la classe : la terrasse du caf\u00e9 le soir Van Gogh est un peintre n\u00e9erlandais. Il est n\u00e9 en 1853 et est mort en 1890. Il fait partie des peintres\u00a0 impressionnistes. Soyann, M\u00e9line, Loanne et Nolan<\/p>\n","protected":false},"author":7,"featured_media":0,"comment_status":"closed","ping_status":"closed","sticky":false,"template":"","format":"standard","meta":{"ngg_post_thumbnail":0,"footnotes":""},"categories":[5],"tags":[],"_links":{"self":[{"href":"https:\/\/ecole-stjoseph-saffre.fr\/index.php?rest_route=\/wp\/v2\/posts\/2436"}],"collection":[{"href":"https:\/\/ecole-stjoseph-saffre.fr\/index.php?rest_route=\/wp\/v2\/posts"}],"about":[{"href":"https:\/\/ecole-stjoseph-saffre.fr\/index.php?rest_route=\/wp\/v2\/types\/post"}],"author":[{"embeddable":true,"href":"https:\/\/ecole-stjoseph-saffre.fr\/index.php?rest_route=\/wp\/v2\/users\/7"}],"replies":[{"embeddable":true,"href":"https:\/\/ecole-stjoseph-saffre.fr\/index.php?rest_route=%2Fwp%2Fv2%2Fcomments&post=2436"}],"version-history":[{"count":0,"href":"https:\/\/ecole-stjoseph-saffre.fr\/index.php?rest_route=\/wp\/v2\/posts\/2436\/revisions"}],"wp:attachment":[{"href":"https:\/\/ecole-stjoseph-saffre.fr\/index.php?rest_route=%2Fwp%2Fv2%2Fmedia&parent=2436"}],"wp:term":[{"taxonomy":"category","embeddable":true,"href":"https:\/\/ecole-stjoseph-saffre.fr\/index.php?rest_route=%2Fwp%2Fv2%2Fcategories&post=2436"},{"taxonomy":"post_tag","embeddable":true,"href":"https:\/\/ecole-stjoseph-saffre.fr\/index.php?rest_route=%2Fwp%2Fv2%2Ftags&post=2436"}],"curies":[{"name":"wp","href":"https:\/\/api.w.org\/{rel}","templated":true}]}}