{"id":2453,"date":"2016-12-04T18:53:54","date_gmt":"2016-12-04T17:53:54","guid":{"rendered":"https:\/\/ecole-stjoseph-saffre.fr\/?p=2453"},"modified":"2016-12-04T18:53:54","modified_gmt":"2016-12-04T17:53:54","slug":"prix-litteraire-a-la-mediatheque","status":"publish","type":"post","link":"https:\/\/ecole-stjoseph-saffre.fr\/?p=2453","title":{"rendered":"Prix litt\u00e9raire \u00e0 la m\u00e9diath\u00e8que"},"content":{"rendered":"<p>Cette ann\u00e9e, nous avons un projet litt\u00e9raire &#8220;<strong>Lire ici et l\u00e0<\/strong>&#8220;.\u00a0 \ud83d\ude42\u00a0<img loading=\"lazy\" decoding=\"async\" class=\"wp-image-2454 alignright\" src=\"https:\/\/ecole-stjoseph-saffre.fr\/wp-content\/uploads\/2016\/12\/DSC00982-225x300.jpg\" alt=\"prix litt\u00e9raire\" width=\"188\" height=\"251\" srcset=\"https:\/\/ecole-stjoseph-saffre.fr\/wp-content\/uploads\/2016\/12\/DSC00982-225x300.jpg 225w, https:\/\/ecole-stjoseph-saffre.fr\/wp-content\/uploads\/2016\/12\/DSC00982-768x1024.jpg 768w, https:\/\/ecole-stjoseph-saffre.fr\/wp-content\/uploads\/2016\/12\/DSC00982.jpg 1536w\" sizes=\"(max-width: 188px) 100vw, 188px\" \/><\/p>\n<p>Une fois par mois, nous allons \u00e0 la m\u00e9diath\u00e8que, et Nathalie nous pr\u00e9sente un livre du prix litt\u00e9raire. Pour l&#8217;instant, nous avons d\u00e9couvert un album :&#8221; <em>l&#8217;ours qui n&#8217;\u00e9tait pas l\u00e0<\/em>&#8220;.<\/p>\n<p>En plus de l&#8217;album, nous allons d\u00e9couvrir une pi\u00e8ce de th\u00e9\u00e2tre, un recueil de po\u00e9sies, un conte et un roman.<\/p>\n<p>En fin d&#8217;ann\u00e9e, chacun votera pour son livre pr\u00e9f\u00e9r\u00e9. Nous irons aussi voir un spectacle qui proposera un extrait th\u00e9\u00e2tralis\u00e9 de chaque livre.<\/p>\n<p>En classe, nous remplissons aussi notre carnet de lecteur !!<\/p>\n<p>Les CE2<\/p>\n","protected":false},"excerpt":{"rendered":"<p>Cette ann\u00e9e, nous avons un projet litt\u00e9raire &#8220;Lire ici et l\u00e0&#8220;.\u00a0 \ud83d\ude42\u00a0 Une fois par mois, nous allons \u00e0 la m\u00e9diath\u00e8que, et Nathalie nous pr\u00e9sente un livre du prix litt\u00e9raire. Pour l&#8217;instant, nous avons d\u00e9couvert un album :&#8221; l&#8217;ours qui n&#8217;\u00e9tait pas l\u00e0&#8220;. En plus de l&#8217;album, nous allons d\u00e9couvrir une pi\u00e8ce de th\u00e9\u00e2tre, un&hellip; <br \/> <a class=\"read-more\" href=\"https:\/\/ecole-stjoseph-saffre.fr\/?p=2453\">Lire la suite<\/a><\/p>\n","protected":false},"author":6,"featured_media":0,"comment_status":"closed","ping_status":"closed","sticky":false,"template":"","format":"standard","meta":{"ngg_post_thumbnail":0,"footnotes":""},"categories":[6],"tags":[],"_links":{"self":[{"href":"https:\/\/ecole-stjoseph-saffre.fr\/index.php?rest_route=\/wp\/v2\/posts\/2453"}],"collection":[{"href":"https:\/\/ecole-stjoseph-saffre.fr\/index.php?rest_route=\/wp\/v2\/posts"}],"about":[{"href":"https:\/\/ecole-stjoseph-saffre.fr\/index.php?rest_route=\/wp\/v2\/types\/post"}],"author":[{"embeddable":true,"href":"https:\/\/ecole-stjoseph-saffre.fr\/index.php?rest_route=\/wp\/v2\/users\/6"}],"replies":[{"embeddable":true,"href":"https:\/\/ecole-stjoseph-saffre.fr\/index.php?rest_route=%2Fwp%2Fv2%2Fcomments&post=2453"}],"version-history":[{"count":0,"href":"https:\/\/ecole-stjoseph-saffre.fr\/index.php?rest_route=\/wp\/v2\/posts\/2453\/revisions"}],"wp:attachment":[{"href":"https:\/\/ecole-stjoseph-saffre.fr\/index.php?rest_route=%2Fwp%2Fv2%2Fmedia&parent=2453"}],"wp:term":[{"taxonomy":"category","embeddable":true,"href":"https:\/\/ecole-stjoseph-saffre.fr\/index.php?rest_route=%2Fwp%2Fv2%2Fcategories&post=2453"},{"taxonomy":"post_tag","embeddable":true,"href":"https:\/\/ecole-stjoseph-saffre.fr\/index.php?rest_route=%2Fwp%2Fv2%2Ftags&post=2453"}],"curies":[{"name":"wp","href":"https:\/\/api.w.org\/{rel}","templated":true}]}}