{"id":2531,"date":"2016-12-23T13:30:08","date_gmt":"2016-12-23T12:30:08","guid":{"rendered":"https:\/\/ecole-stjoseph-saffre.fr\/?p=2531"},"modified":"2016-12-23T13:30:08","modified_gmt":"2016-12-23T12:30:08","slug":"nos-mains","status":"publish","type":"post","link":"https:\/\/ecole-stjoseph-saffre.fr\/?p=2531","title":{"rendered":"Nos mains"},"content":{"rendered":"<p><a href=\"https:\/\/ecole-stjoseph-saffre.fr\/wp-content\/uploads\/2016\/12\/DSC_0027.jpg\"><img loading=\"lazy\" decoding=\"async\" class=\"alignright size-medium wp-image-2534\" src=\"https:\/\/ecole-stjoseph-saffre.fr\/wp-content\/uploads\/2016\/12\/DSC_0027-300x225.jpg\" alt=\"\" width=\"300\" height=\"225\" srcset=\"https:\/\/ecole-stjoseph-saffre.fr\/wp-content\/uploads\/2016\/12\/DSC_0027-300x225.jpg 300w, https:\/\/ecole-stjoseph-saffre.fr\/wp-content\/uploads\/2016\/12\/DSC_0027-768x576.jpg 768w, https:\/\/ecole-stjoseph-saffre.fr\/wp-content\/uploads\/2016\/12\/DSC_0027-1024x768.jpg 1024w, https:\/\/ecole-stjoseph-saffre.fr\/wp-content\/uploads\/2016\/12\/DSC_0027.jpg 2048w\" sizes=\"(max-width: 300px) 100vw, 300px\" \/><\/a>Pour notre temps fort de No\u00ebl, nous avons r\u00e9alis\u00e9 des panneaux\u00a0avec nos\u00a0mains. Cela a \u00e9t\u00e9 l&#8217;occasion de partager plusieurs apr\u00e8s-midi avec les CE1. Ils nous ont aid\u00e9s \u00e0 les tracer. Nous avons \u00e9galement fabriqu\u00e9 ensemble une carte de No\u00ebl et colori\u00e9 \u00e0 4 des dessins de No\u00ebl.<a href=\"https:\/\/ecole-stjoseph-saffre.fr\/wp-content\/uploads\/2016\/12\/DSC_0034.jpg\"><img loading=\"lazy\" decoding=\"async\" class=\"alignright size-medium wp-image-2532\" src=\"https:\/\/ecole-stjoseph-saffre.fr\/wp-content\/uploads\/2016\/12\/DSC_0034-300x225.jpg\" alt=\"\" width=\"300\" height=\"225\" srcset=\"https:\/\/ecole-stjoseph-saffre.fr\/wp-content\/uploads\/2016\/12\/DSC_0034-300x225.jpg 300w, https:\/\/ecole-stjoseph-saffre.fr\/wp-content\/uploads\/2016\/12\/DSC_0034-768x576.jpg 768w, https:\/\/ecole-stjoseph-saffre.fr\/wp-content\/uploads\/2016\/12\/DSC_0034-1024x768.jpg 1024w, https:\/\/ecole-stjoseph-saffre.fr\/wp-content\/uploads\/2016\/12\/DSC_0034.jpg 2048w\" sizes=\"(max-width: 300px) 100vw, 300px\" \/><\/a><a href=\"https:\/\/ecole-stjoseph-saffre.fr\/wp-content\/uploads\/2016\/12\/DSC_0026.jpg\"><img loading=\"lazy\" decoding=\"async\" class=\"alignright size-medium wp-image-2533\" src=\"https:\/\/ecole-stjoseph-saffre.fr\/wp-content\/uploads\/2016\/12\/DSC_0026-300x225.jpg\" alt=\"\" width=\"300\" height=\"225\" srcset=\"https:\/\/ecole-stjoseph-saffre.fr\/wp-content\/uploads\/2016\/12\/DSC_0026-300x225.jpg 300w, https:\/\/ecole-stjoseph-saffre.fr\/wp-content\/uploads\/2016\/12\/DSC_0026-768x576.jpg 768w, https:\/\/ecole-stjoseph-saffre.fr\/wp-content\/uploads\/2016\/12\/DSC_0026-1024x768.jpg 1024w, https:\/\/ecole-stjoseph-saffre.fr\/wp-content\/uploads\/2016\/12\/DSC_0026.jpg 2048w\" sizes=\"(max-width: 300px) 100vw, 300px\" \/><\/a><a href=\"https:\/\/ecole-stjoseph-saffre.fr\/wp-content\/uploads\/2016\/12\/DSC_0025.jpg\"><img loading=\"lazy\" decoding=\"async\" class=\"alignright size-medium wp-image-2535\" src=\"https:\/\/ecole-stjoseph-saffre.fr\/wp-content\/uploads\/2016\/12\/DSC_0025-300x225.jpg\" alt=\"\" width=\"300\" height=\"225\" srcset=\"https:\/\/ecole-stjoseph-saffre.fr\/wp-content\/uploads\/2016\/12\/DSC_0025-300x225.jpg 300w, https:\/\/ecole-stjoseph-saffre.fr\/wp-content\/uploads\/2016\/12\/DSC_0025-768x576.jpg 768w, https:\/\/ecole-stjoseph-saffre.fr\/wp-content\/uploads\/2016\/12\/DSC_0025-1024x768.jpg 1024w, https:\/\/ecole-stjoseph-saffre.fr\/wp-content\/uploads\/2016\/12\/DSC_0025.jpg 2048w\" sizes=\"(max-width: 300px) 100vw, 300px\" \/><\/a><\/p>\n","protected":false},"excerpt":{"rendered":"<p>Pour notre temps fort de No\u00ebl, nous avons r\u00e9alis\u00e9 des panneaux\u00a0avec nos\u00a0mains. Cela a \u00e9t\u00e9 l&#8217;occasion de partager plusieurs apr\u00e8s-midi avec les CE1. Ils nous ont aid\u00e9s \u00e0 les tracer. Nous avons \u00e9galement fabriqu\u00e9 ensemble une carte de No\u00ebl et colori\u00e9 \u00e0 4 des dessins de No\u00ebl.<\/p>\n","protected":false},"author":3,"featured_media":0,"comment_status":"closed","ping_status":"closed","sticky":false,"template":"","format":"standard","meta":{"ngg_post_thumbnail":0,"footnotes":""},"categories":[8],"tags":[],"_links":{"self":[{"href":"https:\/\/ecole-stjoseph-saffre.fr\/index.php?rest_route=\/wp\/v2\/posts\/2531"}],"collection":[{"href":"https:\/\/ecole-stjoseph-saffre.fr\/index.php?rest_route=\/wp\/v2\/posts"}],"about":[{"href":"https:\/\/ecole-stjoseph-saffre.fr\/index.php?rest_route=\/wp\/v2\/types\/post"}],"author":[{"embeddable":true,"href":"https:\/\/ecole-stjoseph-saffre.fr\/index.php?rest_route=\/wp\/v2\/users\/3"}],"replies":[{"embeddable":true,"href":"https:\/\/ecole-stjoseph-saffre.fr\/index.php?rest_route=%2Fwp%2Fv2%2Fcomments&post=2531"}],"version-history":[{"count":0,"href":"https:\/\/ecole-stjoseph-saffre.fr\/index.php?rest_route=\/wp\/v2\/posts\/2531\/revisions"}],"wp:attachment":[{"href":"https:\/\/ecole-stjoseph-saffre.fr\/index.php?rest_route=%2Fwp%2Fv2%2Fmedia&parent=2531"}],"wp:term":[{"taxonomy":"category","embeddable":true,"href":"https:\/\/ecole-stjoseph-saffre.fr\/index.php?rest_route=%2Fwp%2Fv2%2Fcategories&post=2531"},{"taxonomy":"post_tag","embeddable":true,"href":"https:\/\/ecole-stjoseph-saffre.fr\/index.php?rest_route=%2Fwp%2Fv2%2Ftags&post=2531"}],"curies":[{"name":"wp","href":"https:\/\/api.w.org\/{rel}","templated":true}]}}