{"id":2563,"date":"2017-01-04T11:29:48","date_gmt":"2017-01-04T10:29:48","guid":{"rendered":"https:\/\/ecole-stjoseph-saffre.fr\/?p=2563"},"modified":"2017-01-04T11:29:48","modified_gmt":"2017-01-04T10:29:48","slug":"temps-fort-de-noel-2","status":"publish","type":"post","link":"https:\/\/ecole-stjoseph-saffre.fr\/?p=2563","title":{"rendered":"Temps fort de No\u00ebl"},"content":{"rendered":"<p>Vendredi 16 d\u00e9cembre, tous les \u00e9l\u00e8ves de l&#8217;\u00e9cole se sont regroup\u00e9s pour f\u00eater No\u00ebl.<\/p>\n<p><img loading=\"lazy\" decoding=\"async\" class=\"size-medium wp-image-2564 alignleft\" src=\"https:\/\/ecole-stjoseph-saffre.fr\/wp-content\/uploads\/2017\/01\/IMG_0260-300x200.jpg\" alt=\"\" width=\"300\" height=\"200\" srcset=\"https:\/\/ecole-stjoseph-saffre.fr\/wp-content\/uploads\/2017\/01\/IMG_0260-300x200.jpg 300w, https:\/\/ecole-stjoseph-saffre.fr\/wp-content\/uploads\/2017\/01\/IMG_0260-768x512.jpg 768w, https:\/\/ecole-stjoseph-saffre.fr\/wp-content\/uploads\/2017\/01\/IMG_0260-1024x683.jpg 1024w, https:\/\/ecole-stjoseph-saffre.fr\/wp-content\/uploads\/2017\/01\/IMG_0260-272x182.jpg 272w, https:\/\/ecole-stjoseph-saffre.fr\/wp-content\/uploads\/2017\/01\/IMG_0260.jpg 2048w\" sizes=\"(max-width: 300px) 100vw, 300px\" \/><\/p>\n<p>&nbsp;<\/p>\n<p>&nbsp;<\/p>\n<p>Apr\u00e8s le r\u00e9cit de la naissance de J\u00e9sus, nous avons regroup\u00e9 les panneaux de toutes nos mains en signe de paix.\u00a0<img loading=\"lazy\" decoding=\"async\" class=\" wp-image-2565 alignright\" src=\"https:\/\/ecole-stjoseph-saffre.fr\/wp-content\/uploads\/2017\/01\/IMG_0263-300x200.jpg\" alt=\"\" width=\"296\" height=\"197\" srcset=\"https:\/\/ecole-stjoseph-saffre.fr\/wp-content\/uploads\/2017\/01\/IMG_0263-300x200.jpg 300w, https:\/\/ecole-stjoseph-saffre.fr\/wp-content\/uploads\/2017\/01\/IMG_0263-768x512.jpg 768w, https:\/\/ecole-stjoseph-saffre.fr\/wp-content\/uploads\/2017\/01\/IMG_0263-1024x683.jpg 1024w, https:\/\/ecole-stjoseph-saffre.fr\/wp-content\/uploads\/2017\/01\/IMG_0263-272x182.jpg 272w, https:\/\/ecole-stjoseph-saffre.fr\/wp-content\/uploads\/2017\/01\/IMG_0263.jpg 2048w\" sizes=\"(max-width: 296px) 100vw, 296px\" \/><\/p>\n<p>&nbsp;<\/p>\n<p>&nbsp;<\/p>\n<p>&nbsp;<\/p>\n<p>&nbsp;<\/p>\n<p>Puis nous avons regard\u00e9 &#8220;L&#8217;enfant aux grelots&#8221;. C&#8217;\u00e9tait bien.<\/p>\n","protected":false},"excerpt":{"rendered":"<p>Vendredi 16 d\u00e9cembre, tous les \u00e9l\u00e8ves de l&#8217;\u00e9cole se sont regroup\u00e9s pour f\u00eater No\u00ebl. &nbsp; &nbsp; Apr\u00e8s le r\u00e9cit de la naissance de J\u00e9sus, nous avons regroup\u00e9 les panneaux de toutes nos mains en signe de paix.\u00a0 &nbsp; &nbsp; &nbsp; &nbsp; Puis nous avons regard\u00e9 &#8220;L&#8217;enfant aux grelots&#8221;. C&#8217;\u00e9tait bien.<\/p>\n","protected":false},"author":2,"featured_media":0,"comment_status":"closed","ping_status":"closed","sticky":false,"template":"","format":"standard","meta":{"ngg_post_thumbnail":0,"footnotes":""},"categories":[4],"tags":[],"_links":{"self":[{"href":"https:\/\/ecole-stjoseph-saffre.fr\/index.php?rest_route=\/wp\/v2\/posts\/2563"}],"collection":[{"href":"https:\/\/ecole-stjoseph-saffre.fr\/index.php?rest_route=\/wp\/v2\/posts"}],"about":[{"href":"https:\/\/ecole-stjoseph-saffre.fr\/index.php?rest_route=\/wp\/v2\/types\/post"}],"author":[{"embeddable":true,"href":"https:\/\/ecole-stjoseph-saffre.fr\/index.php?rest_route=\/wp\/v2\/users\/2"}],"replies":[{"embeddable":true,"href":"https:\/\/ecole-stjoseph-saffre.fr\/index.php?rest_route=%2Fwp%2Fv2%2Fcomments&post=2563"}],"version-history":[{"count":0,"href":"https:\/\/ecole-stjoseph-saffre.fr\/index.php?rest_route=\/wp\/v2\/posts\/2563\/revisions"}],"wp:attachment":[{"href":"https:\/\/ecole-stjoseph-saffre.fr\/index.php?rest_route=%2Fwp%2Fv2%2Fmedia&parent=2563"}],"wp:term":[{"taxonomy":"category","embeddable":true,"href":"https:\/\/ecole-stjoseph-saffre.fr\/index.php?rest_route=%2Fwp%2Fv2%2Fcategories&post=2563"},{"taxonomy":"post_tag","embeddable":true,"href":"https:\/\/ecole-stjoseph-saffre.fr\/index.php?rest_route=%2Fwp%2Fv2%2Ftags&post=2563"}],"curies":[{"name":"wp","href":"https:\/\/api.w.org\/{rel}","templated":true}]}}