{"id":2576,"date":"2017-01-08T19:50:25","date_gmt":"2017-01-08T18:50:25","guid":{"rendered":"https:\/\/ecole-stjoseph-saffre.fr\/?p=2576"},"modified":"2017-01-08T19:50:25","modified_gmt":"2017-01-08T18:50:25","slug":"les-nouveaux-delegues","status":"publish","type":"post","link":"https:\/\/ecole-stjoseph-saffre.fr\/?p=2576","title":{"rendered":"Les nouveaux d\u00e9l\u00e9gu\u00e9s"},"content":{"rendered":"<p style=\"padding-left: 120px\"><a href=\"https:\/\/ecole-stjoseph-saffre.fr\/wp-content\/uploads\/2017\/01\/Ce1-d\u00e9l\u00e9gu\u00e9s.jpg\"><img loading=\"lazy\" decoding=\"async\" class=\"alignleft  wp-image-2574\" src=\"https:\/\/ecole-stjoseph-saffre.fr\/wp-content\/uploads\/2017\/01\/Ce1-d\u00e9l\u00e9gu\u00e9s-1024x574.jpg\" alt=\"\" width=\"307\" height=\"172\" srcset=\"https:\/\/ecole-stjoseph-saffre.fr\/wp-content\/uploads\/2017\/01\/Ce1-d\u00e9l\u00e9gu\u00e9s-1024x574.jpg 1024w, https:\/\/ecole-stjoseph-saffre.fr\/wp-content\/uploads\/2017\/01\/Ce1-d\u00e9l\u00e9gu\u00e9s-300x168.jpg 300w, https:\/\/ecole-stjoseph-saffre.fr\/wp-content\/uploads\/2017\/01\/Ce1-d\u00e9l\u00e9gu\u00e9s-768x431.jpg 768w, https:\/\/ecole-stjoseph-saffre.fr\/wp-content\/uploads\/2017\/01\/Ce1-d\u00e9l\u00e9gu\u00e9s.jpg 2048w\" sizes=\"(max-width: 307px) 100vw, 307px\" \/><\/a><\/p>\n<p style=\"padding-left: 120px\">\n<p style=\"padding-left: 120px\">\n<p style=\"padding-left: 120px\">\n<p style=\"padding-left: 120px\">\n<p style=\"padding-left: 120px\">Nous avons \u00e9lu nos d\u00e9l\u00e9gu\u00e9s de classe ! F\u00e9licitations \u00e0 Emma et Hugo !<\/p>\n<p>&nbsp;<\/p>\n","protected":false},"excerpt":{"rendered":"<p>Nous avons \u00e9lu nos d\u00e9l\u00e9gu\u00e9s de classe ! F\u00e9licitations \u00e0 Emma et Hugo ! &nbsp;<\/p>\n","protected":false},"author":12,"featured_media":0,"comment_status":"closed","ping_status":"closed","sticky":false,"template":"","format":"standard","meta":{"ngg_post_thumbnail":0,"footnotes":""},"categories":[7],"tags":[],"_links":{"self":[{"href":"https:\/\/ecole-stjoseph-saffre.fr\/index.php?rest_route=\/wp\/v2\/posts\/2576"}],"collection":[{"href":"https:\/\/ecole-stjoseph-saffre.fr\/index.php?rest_route=\/wp\/v2\/posts"}],"about":[{"href":"https:\/\/ecole-stjoseph-saffre.fr\/index.php?rest_route=\/wp\/v2\/types\/post"}],"author":[{"embeddable":true,"href":"https:\/\/ecole-stjoseph-saffre.fr\/index.php?rest_route=\/wp\/v2\/users\/12"}],"replies":[{"embeddable":true,"href":"https:\/\/ecole-stjoseph-saffre.fr\/index.php?rest_route=%2Fwp%2Fv2%2Fcomments&post=2576"}],"version-history":[{"count":0,"href":"https:\/\/ecole-stjoseph-saffre.fr\/index.php?rest_route=\/wp\/v2\/posts\/2576\/revisions"}],"wp:attachment":[{"href":"https:\/\/ecole-stjoseph-saffre.fr\/index.php?rest_route=%2Fwp%2Fv2%2Fmedia&parent=2576"}],"wp:term":[{"taxonomy":"category","embeddable":true,"href":"https:\/\/ecole-stjoseph-saffre.fr\/index.php?rest_route=%2Fwp%2Fv2%2Fcategories&post=2576"},{"taxonomy":"post_tag","embeddable":true,"href":"https:\/\/ecole-stjoseph-saffre.fr\/index.php?rest_route=%2Fwp%2Fv2%2Ftags&post=2576"}],"curies":[{"name":"wp","href":"https:\/\/api.w.org\/{rel}","templated":true}]}}