{"id":2606,"date":"2017-01-27T15:34:35","date_gmt":"2017-01-27T14:34:35","guid":{"rendered":"https:\/\/ecole-stjoseph-saffre.fr\/?p=2606"},"modified":"2017-01-27T15:34:35","modified_gmt":"2017-01-27T14:34:35","slug":"oeuvre-de-la-semaine-n13","status":"publish","type":"post","link":"https:\/\/ecole-stjoseph-saffre.fr\/?p=2606","title":{"rendered":"\u0152uvre de la semaine n\u00b013"},"content":{"rendered":"<p>Th\u00e8me de la 13\u00e8me semaine : une \u0153uvre musicale du Moyen-age<\/p>\n<p>Voici l\u2019\u0153uvre pr\u00e9f\u00e9r\u00e9e de la classe: Douce Dame Jolie<\/p>\n<p><a href=\"https:\/\/ecole-stjoseph-saffre.fr\/wp-content\/uploads\/2017\/01\/CM1-13-Douce-dame-jolie.jpg\"><img loading=\"lazy\" decoding=\"async\" class=\"aligncenter size-medium wp-image-2610\" src=\"https:\/\/ecole-stjoseph-saffre.fr\/wp-content\/uploads\/2017\/01\/CM1-13-Douce-dame-jolie-286x300.jpg\" alt=\"\" width=\"286\" height=\"300\" srcset=\"https:\/\/ecole-stjoseph-saffre.fr\/wp-content\/uploads\/2017\/01\/CM1-13-Douce-dame-jolie-286x300.jpg 286w, https:\/\/ecole-stjoseph-saffre.fr\/wp-content\/uploads\/2017\/01\/CM1-13-Douce-dame-jolie-768x805.jpg 768w, https:\/\/ecole-stjoseph-saffre.fr\/wp-content\/uploads\/2017\/01\/CM1-13-Douce-dame-jolie.jpg 774w\" sizes=\"(max-width: 286px) 100vw, 286px\" \/><\/a>Mathys , Manorah , Alban et Axel<\/p>\n<p>&nbsp;<\/p>\n","protected":false},"excerpt":{"rendered":"<p>Th\u00e8me de la 13\u00e8me semaine : une \u0153uvre musicale du Moyen-age Voici l\u2019\u0153uvre pr\u00e9f\u00e9r\u00e9e de la classe: Douce Dame Jolie Mathys , Manorah , Alban et Axel &nbsp;<\/p>\n","protected":false},"author":7,"featured_media":0,"comment_status":"closed","ping_status":"closed","sticky":false,"template":"","format":"standard","meta":{"ngg_post_thumbnail":0,"footnotes":""},"categories":[5],"tags":[],"_links":{"self":[{"href":"https:\/\/ecole-stjoseph-saffre.fr\/index.php?rest_route=\/wp\/v2\/posts\/2606"}],"collection":[{"href":"https:\/\/ecole-stjoseph-saffre.fr\/index.php?rest_route=\/wp\/v2\/posts"}],"about":[{"href":"https:\/\/ecole-stjoseph-saffre.fr\/index.php?rest_route=\/wp\/v2\/types\/post"}],"author":[{"embeddable":true,"href":"https:\/\/ecole-stjoseph-saffre.fr\/index.php?rest_route=\/wp\/v2\/users\/7"}],"replies":[{"embeddable":true,"href":"https:\/\/ecole-stjoseph-saffre.fr\/index.php?rest_route=%2Fwp%2Fv2%2Fcomments&post=2606"}],"version-history":[{"count":0,"href":"https:\/\/ecole-stjoseph-saffre.fr\/index.php?rest_route=\/wp\/v2\/posts\/2606\/revisions"}],"wp:attachment":[{"href":"https:\/\/ecole-stjoseph-saffre.fr\/index.php?rest_route=%2Fwp%2Fv2%2Fmedia&parent=2606"}],"wp:term":[{"taxonomy":"category","embeddable":true,"href":"https:\/\/ecole-stjoseph-saffre.fr\/index.php?rest_route=%2Fwp%2Fv2%2Fcategories&post=2606"},{"taxonomy":"post_tag","embeddable":true,"href":"https:\/\/ecole-stjoseph-saffre.fr\/index.php?rest_route=%2Fwp%2Fv2%2Ftags&post=2606"}],"curies":[{"name":"wp","href":"https:\/\/api.w.org\/{rel}","templated":true}]}}