{"id":2608,"date":"2017-01-27T15:55:49","date_gmt":"2017-01-27T14:55:49","guid":{"rendered":"https:\/\/ecole-stjoseph-saffre.fr\/?p=2608"},"modified":"2017-01-27T15:55:49","modified_gmt":"2017-01-27T14:55:49","slug":"oeuvre-de-la-semaine-n14","status":"publish","type":"post","link":"https:\/\/ecole-stjoseph-saffre.fr\/?p=2608","title":{"rendered":"\u0152uvre de la semaine n\u00b014"},"content":{"rendered":"<p>Th\u00e8me de la 14\u00e8me semaine : une place c\u00e9l\u00e8bre<\/p>\n<p>Voici l&#8217; \u0153uvre pr\u00e9f\u00e9r\u00e9e de la classe : la Place Rouge<\/p>\n<p><a href=\"https:\/\/ecole-stjoseph-saffre.fr\/wp-content\/uploads\/2017\/01\/CM1-14-la-Place-Rouge.jpg\"><img loading=\"lazy\" decoding=\"async\" class=\"aligncenter size-medium wp-image-2626\" src=\"https:\/\/ecole-stjoseph-saffre.fr\/wp-content\/uploads\/2017\/01\/CM1-14-la-Place-Rouge-300x222.jpg\" alt=\"\" width=\"300\" height=\"222\" srcset=\"https:\/\/ecole-stjoseph-saffre.fr\/wp-content\/uploads\/2017\/01\/CM1-14-la-Place-Rouge-300x222.jpg 300w, https:\/\/ecole-stjoseph-saffre.fr\/wp-content\/uploads\/2017\/01\/CM1-14-la-Place-Rouge-768x569.jpg 768w, https:\/\/ecole-stjoseph-saffre.fr\/wp-content\/uploads\/2017\/01\/CM1-14-la-Place-Rouge.jpg 1024w\" sizes=\"(max-width: 300px) 100vw, 300px\" \/><\/a><\/p>\n<p>C&#8217;est la place principale de Moscou.<\/p>\n<p>En bordure du Kremlin, elle forme le centre ville, inscrit sur la liste du\u00a0 patrimoine mondial de l&#8217; UNESCO.<\/p>\n<p>Phileas , C\u00e9lia et Maxence<\/p>\n","protected":false},"excerpt":{"rendered":"<p>Th\u00e8me de la 14\u00e8me semaine : une place c\u00e9l\u00e8bre Voici l&#8217; \u0153uvre pr\u00e9f\u00e9r\u00e9e de la classe : la Place Rouge C&#8217;est la place principale de Moscou. En bordure du Kremlin, elle forme le centre ville, inscrit sur la liste du\u00a0 patrimoine mondial de l&#8217; UNESCO. Phileas , C\u00e9lia et Maxence<\/p>\n","protected":false},"author":7,"featured_media":0,"comment_status":"closed","ping_status":"closed","sticky":false,"template":"","format":"standard","meta":{"ngg_post_thumbnail":0,"footnotes":""},"categories":[5],"tags":[],"_links":{"self":[{"href":"https:\/\/ecole-stjoseph-saffre.fr\/index.php?rest_route=\/wp\/v2\/posts\/2608"}],"collection":[{"href":"https:\/\/ecole-stjoseph-saffre.fr\/index.php?rest_route=\/wp\/v2\/posts"}],"about":[{"href":"https:\/\/ecole-stjoseph-saffre.fr\/index.php?rest_route=\/wp\/v2\/types\/post"}],"author":[{"embeddable":true,"href":"https:\/\/ecole-stjoseph-saffre.fr\/index.php?rest_route=\/wp\/v2\/users\/7"}],"replies":[{"embeddable":true,"href":"https:\/\/ecole-stjoseph-saffre.fr\/index.php?rest_route=%2Fwp%2Fv2%2Fcomments&post=2608"}],"version-history":[{"count":0,"href":"https:\/\/ecole-stjoseph-saffre.fr\/index.php?rest_route=\/wp\/v2\/posts\/2608\/revisions"}],"wp:attachment":[{"href":"https:\/\/ecole-stjoseph-saffre.fr\/index.php?rest_route=%2Fwp%2Fv2%2Fmedia&parent=2608"}],"wp:term":[{"taxonomy":"category","embeddable":true,"href":"https:\/\/ecole-stjoseph-saffre.fr\/index.php?rest_route=%2Fwp%2Fv2%2Fcategories&post=2608"},{"taxonomy":"post_tag","embeddable":true,"href":"https:\/\/ecole-stjoseph-saffre.fr\/index.php?rest_route=%2Fwp%2Fv2%2Ftags&post=2608"}],"curies":[{"name":"wp","href":"https:\/\/api.w.org\/{rel}","templated":true}]}}