{"id":2623,"date":"2017-02-03T15:31:54","date_gmt":"2017-02-03T14:31:54","guid":{"rendered":"https:\/\/ecole-stjoseph-saffre.fr\/?p=2623"},"modified":"2017-02-03T15:31:54","modified_gmt":"2017-02-03T14:31:54","slug":"oeuvre-de-la-semaine-n15","status":"publish","type":"post","link":"https:\/\/ecole-stjoseph-saffre.fr\/?p=2623","title":{"rendered":"\u0152uvre de la semaine n\u00b015"},"content":{"rendered":"<p>Th\u00e8me de la 15\u00e8me semaine : une photographie en noir et blanc<\/p>\n<p>Voici l&#8217; \u0153uvre pr\u00e9f\u00e9r\u00e9e de la classe : Cartier Bresson<\/p>\n<p><a href=\"https:\/\/ecole-stjoseph-saffre.fr\/wp-content\/uploads\/2017\/01\/CM1-15-Cartier-Bresson.jpg\"><img loading=\"lazy\" decoding=\"async\" class=\"aligncenter size-medium wp-image-2647\" src=\"https:\/\/ecole-stjoseph-saffre.fr\/wp-content\/uploads\/2017\/01\/CM1-15-Cartier-Bresson-300x202.jpg\" alt=\"\" width=\"300\" height=\"202\" srcset=\"https:\/\/ecole-stjoseph-saffre.fr\/wp-content\/uploads\/2017\/01\/CM1-15-Cartier-Bresson-300x202.jpg 300w, https:\/\/ecole-stjoseph-saffre.fr\/wp-content\/uploads\/2017\/01\/CM1-15-Cartier-Bresson-768x518.jpg 768w, https:\/\/ecole-stjoseph-saffre.fr\/wp-content\/uploads\/2017\/01\/CM1-15-Cartier-Bresson-1024x690.jpg 1024w, https:\/\/ecole-stjoseph-saffre.fr\/wp-content\/uploads\/2017\/01\/CM1-15-Cartier-Bresson-272x182.jpg 272w, https:\/\/ecole-stjoseph-saffre.fr\/wp-content\/uploads\/2017\/01\/CM1-15-Cartier-Bresson.jpg 1320w\" sizes=\"(max-width: 300px) 100vw, 300px\" \/><\/a><\/p>\n<p>M\u00e9lyne, Elisa et Benjamin<\/p>\n","protected":false},"excerpt":{"rendered":"<p>Th\u00e8me de la 15\u00e8me semaine : une photographie en noir et blanc Voici l&#8217; \u0153uvre pr\u00e9f\u00e9r\u00e9e de la classe : Cartier Bresson M\u00e9lyne, Elisa et Benjamin<\/p>\n","protected":false},"author":7,"featured_media":0,"comment_status":"closed","ping_status":"closed","sticky":false,"template":"","format":"standard","meta":{"ngg_post_thumbnail":0,"footnotes":""},"categories":[5],"tags":[],"_links":{"self":[{"href":"https:\/\/ecole-stjoseph-saffre.fr\/index.php?rest_route=\/wp\/v2\/posts\/2623"}],"collection":[{"href":"https:\/\/ecole-stjoseph-saffre.fr\/index.php?rest_route=\/wp\/v2\/posts"}],"about":[{"href":"https:\/\/ecole-stjoseph-saffre.fr\/index.php?rest_route=\/wp\/v2\/types\/post"}],"author":[{"embeddable":true,"href":"https:\/\/ecole-stjoseph-saffre.fr\/index.php?rest_route=\/wp\/v2\/users\/7"}],"replies":[{"embeddable":true,"href":"https:\/\/ecole-stjoseph-saffre.fr\/index.php?rest_route=%2Fwp%2Fv2%2Fcomments&post=2623"}],"version-history":[{"count":0,"href":"https:\/\/ecole-stjoseph-saffre.fr\/index.php?rest_route=\/wp\/v2\/posts\/2623\/revisions"}],"wp:attachment":[{"href":"https:\/\/ecole-stjoseph-saffre.fr\/index.php?rest_route=%2Fwp%2Fv2%2Fmedia&parent=2623"}],"wp:term":[{"taxonomy":"category","embeddable":true,"href":"https:\/\/ecole-stjoseph-saffre.fr\/index.php?rest_route=%2Fwp%2Fv2%2Fcategories&post=2623"},{"taxonomy":"post_tag","embeddable":true,"href":"https:\/\/ecole-stjoseph-saffre.fr\/index.php?rest_route=%2Fwp%2Fv2%2Ftags&post=2623"}],"curies":[{"name":"wp","href":"https:\/\/api.w.org\/{rel}","templated":true}]}}