{"id":2735,"date":"2017-07-10T14:36:20","date_gmt":"2017-07-10T13:36:20","guid":{"rendered":"https:\/\/ecole-stjoseph-saffre.fr\/?p=2735"},"modified":"2017-07-10T14:36:20","modified_gmt":"2017-07-10T13:36:20","slug":"oeuvre-de-la-semaine-n23","status":"publish","type":"post","link":"https:\/\/ecole-stjoseph-saffre.fr\/?p=2735","title":{"rendered":"\u0152uvre de la semaine n\u00b023"},"content":{"rendered":"<p>Th\u00e8me de la 23 \u00e8me semaine : un monument d&#8217;Asie<\/p>\n<p>Voici l&#8217;\u0153uvre pr\u00e9f\u00e9r\u00e9e de la classe: le Taj Mahal<\/p>\n<p><a href=\"https:\/\/ecole-stjoseph-saffre.fr\/wp-content\/uploads\/2017\/04\/CM1-23-Taj-mahal.jpg\"><img loading=\"lazy\" decoding=\"async\" class=\"aligncenter size-medium wp-image-2737\" src=\"https:\/\/ecole-stjoseph-saffre.fr\/wp-content\/uploads\/2017\/04\/CM1-23-Taj-mahal-300x200.jpg\" alt=\"\" width=\"300\" height=\"200\" srcset=\"https:\/\/ecole-stjoseph-saffre.fr\/wp-content\/uploads\/2017\/04\/CM1-23-Taj-mahal-300x200.jpg 300w, https:\/\/ecole-stjoseph-saffre.fr\/wp-content\/uploads\/2017\/04\/CM1-23-Taj-mahal-272x182.jpg 272w, https:\/\/ecole-stjoseph-saffre.fr\/wp-content\/uploads\/2017\/04\/CM1-23-Taj-mahal.jpg 400w\" sizes=\"(max-width: 300px) 100vw, 300px\" \/><\/a><\/p>\n<p>Le Taj Mahal est situ\u00e9 dans le nord de l&#8217;Inde.<\/p>\n<p>Il a \u00e9t\u00e9 construit au 17\u00e9me si\u00e8cle par l\u2019empereur Moghol Shah Jahan.<\/p>\n<p>&nbsp;<\/p>\n<p style=\"text-align: right\">Loanne , Soyann , M\u00e9line et Nolan<\/p>\n","protected":false},"excerpt":{"rendered":"<p>Th\u00e8me de la 23 \u00e8me semaine : un monument d&#8217;Asie Voici l&#8217;\u0153uvre pr\u00e9f\u00e9r\u00e9e de la classe: le Taj Mahal Le Taj Mahal est situ\u00e9 dans le nord de l&#8217;Inde. Il a \u00e9t\u00e9 construit au 17\u00e9me si\u00e8cle par l\u2019empereur Moghol Shah Jahan. &nbsp; Loanne , Soyann , M\u00e9line et Nolan<\/p>\n","protected":false},"author":7,"featured_media":0,"comment_status":"closed","ping_status":"closed","sticky":false,"template":"","format":"standard","meta":{"ngg_post_thumbnail":0,"footnotes":""},"categories":[5],"tags":[],"_links":{"self":[{"href":"https:\/\/ecole-stjoseph-saffre.fr\/index.php?rest_route=\/wp\/v2\/posts\/2735"}],"collection":[{"href":"https:\/\/ecole-stjoseph-saffre.fr\/index.php?rest_route=\/wp\/v2\/posts"}],"about":[{"href":"https:\/\/ecole-stjoseph-saffre.fr\/index.php?rest_route=\/wp\/v2\/types\/post"}],"author":[{"embeddable":true,"href":"https:\/\/ecole-stjoseph-saffre.fr\/index.php?rest_route=\/wp\/v2\/users\/7"}],"replies":[{"embeddable":true,"href":"https:\/\/ecole-stjoseph-saffre.fr\/index.php?rest_route=%2Fwp%2Fv2%2Fcomments&post=2735"}],"version-history":[{"count":0,"href":"https:\/\/ecole-stjoseph-saffre.fr\/index.php?rest_route=\/wp\/v2\/posts\/2735\/revisions"}],"wp:attachment":[{"href":"https:\/\/ecole-stjoseph-saffre.fr\/index.php?rest_route=%2Fwp%2Fv2%2Fmedia&parent=2735"}],"wp:term":[{"taxonomy":"category","embeddable":true,"href":"https:\/\/ecole-stjoseph-saffre.fr\/index.php?rest_route=%2Fwp%2Fv2%2Fcategories&post=2735"},{"taxonomy":"post_tag","embeddable":true,"href":"https:\/\/ecole-stjoseph-saffre.fr\/index.php?rest_route=%2Fwp%2Fv2%2Ftags&post=2735"}],"curies":[{"name":"wp","href":"https:\/\/api.w.org\/{rel}","templated":true}]}}