{"id":288,"date":"2015-03-05T14:22:40","date_gmt":"2015-03-05T13:22:40","guid":{"rendered":"https:\/\/ecole-stjoseph-saffre.fr\/?p=288"},"modified":"2015-03-05T14:22:40","modified_gmt":"2015-03-05T13:22:40","slug":"soupe-de-legumes","status":"publish","type":"post","link":"https:\/\/ecole-stjoseph-saffre.fr\/?p=288","title":{"rendered":"Soupe de l\u00e9gumes"},"content":{"rendered":"<p style=\"text-align: center\"><a href=\"https:\/\/ecole-stjoseph-saffre.fr\/wp-content\/uploads\/2015\/03\/MS-soupe-0.jpg\"><img loading=\"lazy\" decoding=\"async\" class=\"  wp-image-305 aligncenter\" src=\"https:\/\/ecole-stjoseph-saffre.fr\/wp-content\/uploads\/2015\/03\/MS-soupe-0.jpg\" alt=\"MS-soupe 0\" width=\"165\" height=\"116\" \/><\/a>Au mois de novembre, \u00e0 la mani\u00e8re de Kroquela la sorci\u00e8re, nous avons fait de la soupe de l\u00e9gumes avec des carottes, des pommes de terre, des poireaux et des oignons.<\/p>\n<p style=\"text-align: center\">\n<p style=\"text-align: center\"><a href=\"https:\/\/ecole-stjoseph-saffre.fr\/wp-content\/uploads\/2015\/03\/MS-soupe-1.jpg\"><img loading=\"lazy\" decoding=\"async\" class=\"alignnone  wp-image-306\" src=\"https:\/\/ecole-stjoseph-saffre.fr\/wp-content\/uploads\/2015\/03\/MS-soupe-1-292x300.jpg\" alt=\"MS-soupe 1\" width=\"121\" height=\"124\" srcset=\"https:\/\/ecole-stjoseph-saffre.fr\/wp-content\/uploads\/2015\/03\/MS-soupe-1-292x300.jpg 292w, https:\/\/ecole-stjoseph-saffre.fr\/wp-content\/uploads\/2015\/03\/MS-soupe-1-996x1024.jpg 996w, https:\/\/ecole-stjoseph-saffre.fr\/wp-content\/uploads\/2015\/03\/MS-soupe-1.jpg 1991w\" sizes=\"(max-width: 121px) 100vw, 121px\" \/><\/a>D&#8217;abord nous avons \u00e9pluch\u00e9 les l\u00e9gumes.<\/p>\n<p style=\"text-align: center\">\u00a0<a href=\"https:\/\/ecole-stjoseph-saffre.fr\/wp-content\/uploads\/2015\/03\/MS-soupe-2-bis.jpg\"><img loading=\"lazy\" decoding=\"async\" class=\"alignnone  wp-image-309\" src=\"https:\/\/ecole-stjoseph-saffre.fr\/wp-content\/uploads\/2015\/03\/MS-soupe-2-bis-300x252.jpg\" alt=\"MS-soupe 2 bis\" width=\"140\" height=\"118\" srcset=\"https:\/\/ecole-stjoseph-saffre.fr\/wp-content\/uploads\/2015\/03\/MS-soupe-2-bis-300x252.jpg 300w, https:\/\/ecole-stjoseph-saffre.fr\/wp-content\/uploads\/2015\/03\/MS-soupe-2-bis-1024x859.jpg 1024w, https:\/\/ecole-stjoseph-saffre.fr\/wp-content\/uploads\/2015\/03\/MS-soupe-2-bis.jpg 2048w\" sizes=\"(max-width: 140px) 100vw, 140px\" \/><\/a>Puis nous les avons coup\u00e9s, avec l&#8217;aide des adultes.<\/p>\n<p style=\"text-align: center\"><a href=\"https:\/\/ecole-stjoseph-saffre.fr\/wp-content\/uploads\/2015\/03\/MS-soupe-3.jpg\"><img loading=\"lazy\" decoding=\"async\" class=\"alignnone  wp-image-308\" src=\"https:\/\/ecole-stjoseph-saffre.fr\/wp-content\/uploads\/2015\/03\/MS-soupe-3-230x300.jpg\" alt=\"MS-soupe 3\" width=\"123\" height=\"160\" srcset=\"https:\/\/ecole-stjoseph-saffre.fr\/wp-content\/uploads\/2015\/03\/MS-soupe-3-230x300.jpg 230w, https:\/\/ecole-stjoseph-saffre.fr\/wp-content\/uploads\/2015\/03\/MS-soupe-3-785x1024.jpg 785w, https:\/\/ecole-stjoseph-saffre.fr\/wp-content\/uploads\/2015\/03\/MS-soupe-3.jpg 1570w\" sizes=\"(max-width: 123px) 100vw, 123px\" \/><\/a>Nous les avons ensuite lav\u00e9s.<\/p>\n<p style=\"text-align: left\">\u00a0La ma\u00eetresse a ajout\u00e9 de l&#8217;eau puis nous avons laiss\u00e9 cuire 40 min dans la cocotte minute.<\/p>\n<p style=\"text-align: left\">Apr\u00e8s Julie a enlev\u00e9 le bouchon pour que la fum\u00e9e sorte, \u00e7a faisait pshiiiiiiiiiiiiiiit!<a href=\"https:\/\/ecole-stjoseph-saffre.fr\/wp-content\/uploads\/2015\/03\/MS-soupe-4.jpg\"><img loading=\"lazy\" decoding=\"async\" class=\"alignnone  wp-image-310\" src=\"https:\/\/ecole-stjoseph-saffre.fr\/wp-content\/uploads\/2015\/03\/MS-soupe-4-300x181.jpg\" alt=\"MS-soupe 4\" width=\"146\" height=\"88\" srcset=\"https:\/\/ecole-stjoseph-saffre.fr\/wp-content\/uploads\/2015\/03\/MS-soupe-4-300x181.jpg 300w, https:\/\/ecole-stjoseph-saffre.fr\/wp-content\/uploads\/2015\/03\/MS-soupe-4-1024x618.jpg 1024w, https:\/\/ecole-stjoseph-saffre.fr\/wp-content\/uploads\/2015\/03\/MS-soupe-4-960x576.jpg 960w, https:\/\/ecole-stjoseph-saffre.fr\/wp-content\/uploads\/2015\/03\/MS-soupe-4-480x288.jpg 480w, https:\/\/ecole-stjoseph-saffre.fr\/wp-content\/uploads\/2015\/03\/MS-soupe-4-320x192.jpg 320w, https:\/\/ecole-stjoseph-saffre.fr\/wp-content\/uploads\/2015\/03\/MS-soupe-4-240x144.jpg 240w, https:\/\/ecole-stjoseph-saffre.fr\/wp-content\/uploads\/2015\/03\/MS-soupe-4.jpg 2048w\" sizes=\"(max-width: 146px) 100vw, 146px\" \/><\/a><\/p>\n<p style=\"text-align: left\">Nous avons mix\u00e9 les l\u00e9gumes pour qu&#8217;ils se transforment en soupe. Un peu de sel et de poivre.<\/p>\n<p style=\"text-align: left\">Hum, c&#8217;\u00e9tait tr\u00e8s bon!<a href=\"https:\/\/ecole-stjoseph-saffre.fr\/wp-content\/uploads\/2015\/03\/MS-soupe-5.jpg\"><img loading=\"lazy\" decoding=\"async\" class=\" size-medium wp-image-311 aligncenter\" src=\"https:\/\/ecole-stjoseph-saffre.fr\/wp-content\/uploads\/2015\/03\/MS-soupe-5-300x160.jpg\" alt=\"MS-soupe 5\" width=\"300\" height=\"160\" srcset=\"https:\/\/ecole-stjoseph-saffre.fr\/wp-content\/uploads\/2015\/03\/MS-soupe-5-300x160.jpg 300w, https:\/\/ecole-stjoseph-saffre.fr\/wp-content\/uploads\/2015\/03\/MS-soupe-5-1024x545.jpg 1024w, https:\/\/ecole-stjoseph-saffre.fr\/wp-content\/uploads\/2015\/03\/MS-soupe-5.jpg 2048w\" sizes=\"(max-width: 300px) 100vw, 300px\" \/><\/a><\/p>\n","protected":false},"excerpt":{"rendered":"<p>Au mois de novembre, \u00e0 la mani\u00e8re de Kroquela la sorci\u00e8re, nous avons fait de la soupe de l\u00e9gumes avec des carottes, des pommes de terre, des poireaux et des oignons. D&#8217;abord nous avons \u00e9pluch\u00e9 les l\u00e9gumes. \u00a0Puis nous les avons coup\u00e9s, avec l&#8217;aide des adultes. Nous les avons ensuite lav\u00e9s. \u00a0La ma\u00eetresse a ajout\u00e9&hellip; <br \/> <a class=\"read-more\" href=\"https:\/\/ecole-stjoseph-saffre.fr\/?p=288\">Lire la suite<\/a><\/p>\n","protected":false},"author":9,"featured_media":0,"comment_status":"closed","ping_status":"closed","sticky":false,"template":"","format":"standard","meta":{"ngg_post_thumbnail":0,"footnotes":""},"categories":[10],"tags":[34,30,31],"_links":{"self":[{"href":"https:\/\/ecole-stjoseph-saffre.fr\/index.php?rest_route=\/wp\/v2\/posts\/288"}],"collection":[{"href":"https:\/\/ecole-stjoseph-saffre.fr\/index.php?rest_route=\/wp\/v2\/posts"}],"about":[{"href":"https:\/\/ecole-stjoseph-saffre.fr\/index.php?rest_route=\/wp\/v2\/types\/post"}],"author":[{"embeddable":true,"href":"https:\/\/ecole-stjoseph-saffre.fr\/index.php?rest_route=\/wp\/v2\/users\/9"}],"replies":[{"embeddable":true,"href":"https:\/\/ecole-stjoseph-saffre.fr\/index.php?rest_route=%2Fwp%2Fv2%2Fcomments&post=288"}],"version-history":[{"count":0,"href":"https:\/\/ecole-stjoseph-saffre.fr\/index.php?rest_route=\/wp\/v2\/posts\/288\/revisions"}],"wp:attachment":[{"href":"https:\/\/ecole-stjoseph-saffre.fr\/index.php?rest_route=%2Fwp%2Fv2%2Fmedia&parent=288"}],"wp:term":[{"taxonomy":"category","embeddable":true,"href":"https:\/\/ecole-stjoseph-saffre.fr\/index.php?rest_route=%2Fwp%2Fv2%2Fcategories&post=288"},{"taxonomy":"post_tag","embeddable":true,"href":"https:\/\/ecole-stjoseph-saffre.fr\/index.php?rest_route=%2Fwp%2Fv2%2Ftags&post=288"}],"curies":[{"name":"wp","href":"https:\/\/api.w.org\/{rel}","templated":true}]}}