{"id":292,"date":"2015-03-04T21:34:51","date_gmt":"2015-03-04T20:34:51","guid":{"rendered":"https:\/\/ecole-stjoseph-saffre.fr\/?p=292"},"modified":"2015-03-04T21:35:25","modified_gmt":"2015-03-04T20:35:25","slug":"lecture-avec-des-ce1","status":"publish","type":"post","link":"https:\/\/ecole-stjoseph-saffre.fr\/?p=292","title":{"rendered":"lecture avec des CE1"},"content":{"rendered":"<p><a href=\"https:\/\/ecole-stjoseph-saffre.fr\/wp-content\/uploads\/2015\/03\/PS-livre-chenille2015-404.jpg\"><img loading=\"lazy\" decoding=\"async\" class=\"  wp-image-293 alignleft\" src=\"https:\/\/ecole-stjoseph-saffre.fr\/wp-content\/uploads\/2015\/03\/PS-livre-chenille2015-404-300x225.jpg\" alt=\"PS-livre chenille2015 404\" width=\"157\" height=\"118\" srcset=\"https:\/\/ecole-stjoseph-saffre.fr\/wp-content\/uploads\/2015\/03\/PS-livre-chenille2015-404-300x225.jpg 300w, https:\/\/ecole-stjoseph-saffre.fr\/wp-content\/uploads\/2015\/03\/PS-livre-chenille2015-404-1024x768.jpg 1024w, https:\/\/ecole-stjoseph-saffre.fr\/wp-content\/uploads\/2015\/03\/PS-livre-chenille2015-404-960x720.jpg 960w, https:\/\/ecole-stjoseph-saffre.fr\/wp-content\/uploads\/2015\/03\/PS-livre-chenille2015-404-480x360.jpg 480w, https:\/\/ecole-stjoseph-saffre.fr\/wp-content\/uploads\/2015\/03\/PS-livre-chenille2015-404-320x240.jpg 320w, https:\/\/ecole-stjoseph-saffre.fr\/wp-content\/uploads\/2015\/03\/PS-livre-chenille2015-404-240x180.jpg 240w, https:\/\/ecole-stjoseph-saffre.fr\/wp-content\/uploads\/2015\/03\/PS-livre-chenille2015-404.jpg 2048w\" sizes=\"(max-width: 157px) 100vw, 157px\" \/><\/a>On continue le travail sur les fruits<\/p>\n<p>avec l\u2019album\u00a0:\u00a0\u00bbla chenille qui fait des trous\u00a0\u00bb<\/p>\n<p>On a fabriqu\u00e9 chacun son livre.<\/p>\n<p>Quand il a \u00e9t\u00e9 fini, on est all\u00e9 en CE1.<a href=\"https:\/\/ecole-stjoseph-saffre.fr\/wp-content\/uploads\/2015\/03\/PS-livre-chenille-611.jpg\"><img loading=\"lazy\" decoding=\"async\" class=\"  wp-image-294 aligncenter\" src=\"https:\/\/ecole-stjoseph-saffre.fr\/wp-content\/uploads\/2015\/03\/PS-livre-chenille-611-300x225.jpg\" alt=\"PS-livre chenille 611\" width=\"264\" height=\"198\" srcset=\"https:\/\/ecole-stjoseph-saffre.fr\/wp-content\/uploads\/2015\/03\/PS-livre-chenille-611-300x225.jpg 300w, https:\/\/ecole-stjoseph-saffre.fr\/wp-content\/uploads\/2015\/03\/PS-livre-chenille-611-1024x768.jpg 1024w, https:\/\/ecole-stjoseph-saffre.fr\/wp-content\/uploads\/2015\/03\/PS-livre-chenille-611-960x720.jpg 960w, https:\/\/ecole-stjoseph-saffre.fr\/wp-content\/uploads\/2015\/03\/PS-livre-chenille-611-480x360.jpg 480w, https:\/\/ecole-stjoseph-saffre.fr\/wp-content\/uploads\/2015\/03\/PS-livre-chenille-611-320x240.jpg 320w, https:\/\/ecole-stjoseph-saffre.fr\/wp-content\/uploads\/2015\/03\/PS-livre-chenille-611-240x180.jpg 240w, https:\/\/ecole-stjoseph-saffre.fr\/wp-content\/uploads\/2015\/03\/PS-livre-chenille-611.jpg 2048w\" sizes=\"(max-width: 264px) 100vw, 264px\" \/><\/a><\/p>\n<p>&nbsp;<\/p>\n<p>Chaque \u00e9l\u00e8ve de CE1 a lu le livre avec un \u00e9l\u00e8ve de PS.<\/p>\n<p><a href=\"https:\/\/ecole-stjoseph-saffre.fr\/wp-content\/uploads\/2015\/03\/PS-livre-chenille-3791.jpg\"><img loading=\"lazy\" decoding=\"async\" class=\"  wp-image-296 aligncenter\" src=\"https:\/\/ecole-stjoseph-saffre.fr\/wp-content\/uploads\/2015\/03\/PS-livre-chenille-3791-300x225.jpg\" alt=\"PS-livre chenille 3791\" width=\"197\" height=\"148\" srcset=\"https:\/\/ecole-stjoseph-saffre.fr\/wp-content\/uploads\/2015\/03\/PS-livre-chenille-3791-300x225.jpg 300w, https:\/\/ecole-stjoseph-saffre.fr\/wp-content\/uploads\/2015\/03\/PS-livre-chenille-3791.jpg 480w, https:\/\/ecole-stjoseph-saffre.fr\/wp-content\/uploads\/2015\/03\/PS-livre-chenille-3791-320x240.jpg 320w, https:\/\/ecole-stjoseph-saffre.fr\/wp-content\/uploads\/2015\/03\/PS-livre-chenille-3791-240x180.jpg 240w\" sizes=\"(max-width: 197px) 100vw, 197px\" \/><\/a>On s\u2019est assis aux tables des grands<a href=\"https:\/\/ecole-stjoseph-saffre.fr\/wp-content\/uploads\/2015\/03\/PS-livre-chenille-612.jpg\"><img loading=\"lazy\" decoding=\"async\" class=\"  wp-image-297 aligncenter\" src=\"https:\/\/ecole-stjoseph-saffre.fr\/wp-content\/uploads\/2015\/03\/PS-livre-chenille-612-300x225.jpg\" alt=\"PS-livre chenille 612\" width=\"191\" height=\"143\" srcset=\"https:\/\/ecole-stjoseph-saffre.fr\/wp-content\/uploads\/2015\/03\/PS-livre-chenille-612-300x225.jpg 300w, https:\/\/ecole-stjoseph-saffre.fr\/wp-content\/uploads\/2015\/03\/PS-livre-chenille-612-1024x768.jpg 1024w, https:\/\/ecole-stjoseph-saffre.fr\/wp-content\/uploads\/2015\/03\/PS-livre-chenille-612-960x720.jpg 960w, https:\/\/ecole-stjoseph-saffre.fr\/wp-content\/uploads\/2015\/03\/PS-livre-chenille-612-480x360.jpg 480w, https:\/\/ecole-stjoseph-saffre.fr\/wp-content\/uploads\/2015\/03\/PS-livre-chenille-612-320x240.jpg 320w, https:\/\/ecole-stjoseph-saffre.fr\/wp-content\/uploads\/2015\/03\/PS-livre-chenille-612-240x180.jpg 240w, https:\/\/ecole-stjoseph-saffre.fr\/wp-content\/uploads\/2015\/03\/PS-livre-chenille-612.jpg 2048w\" sizes=\"(max-width: 191px) 100vw, 191px\" \/><\/a><\/p>\n<p>puis\u00a0 les CE1 ont chant\u00e9 une chanson.<a href=\"https:\/\/ecole-stjoseph-saffre.fr\/wp-content\/uploads\/2015\/03\/PS-livre-chenille-638.jpg\"><img loading=\"lazy\" decoding=\"async\" class=\"  wp-image-298 aligncenter\" src=\"https:\/\/ecole-stjoseph-saffre.fr\/wp-content\/uploads\/2015\/03\/PS-livre-chenille-638-300x225.jpg\" alt=\"PS-livre chenille 638\" width=\"211\" height=\"158\" srcset=\"https:\/\/ecole-stjoseph-saffre.fr\/wp-content\/uploads\/2015\/03\/PS-livre-chenille-638-300x225.jpg 300w, https:\/\/ecole-stjoseph-saffre.fr\/wp-content\/uploads\/2015\/03\/PS-livre-chenille-638-1024x768.jpg 1024w, https:\/\/ecole-stjoseph-saffre.fr\/wp-content\/uploads\/2015\/03\/PS-livre-chenille-638-960x720.jpg 960w, https:\/\/ecole-stjoseph-saffre.fr\/wp-content\/uploads\/2015\/03\/PS-livre-chenille-638-480x360.jpg 480w, https:\/\/ecole-stjoseph-saffre.fr\/wp-content\/uploads\/2015\/03\/PS-livre-chenille-638-320x240.jpg 320w, https:\/\/ecole-stjoseph-saffre.fr\/wp-content\/uploads\/2015\/03\/PS-livre-chenille-638-240x180.jpg 240w, https:\/\/ecole-stjoseph-saffre.fr\/wp-content\/uploads\/2015\/03\/PS-livre-chenille-638.jpg 2048w\" sizes=\"(max-width: 211px) 100vw, 211px\" \/><\/a><\/p>\n","protected":false},"excerpt":{"rendered":"<p>On continue le travail sur les fruits avec l\u2019album\u00a0:\u00a0\u00bbla chenille qui fait des trous\u00a0\u00bb On a fabriqu\u00e9 chacun son livre. Quand il a \u00e9t\u00e9 fini, on est all\u00e9 en CE1. &nbsp; Chaque \u00e9l\u00e8ve de CE1 a lu le livre avec un \u00e9l\u00e8ve de PS. On s\u2019est assis aux tables des grands puis\u00a0 les CE1 ont&hellip; <br \/> <a class=\"read-more\" href=\"https:\/\/ecole-stjoseph-saffre.fr\/?p=292\">Lire la suite<\/a><\/p>\n","protected":false},"author":12,"featured_media":0,"comment_status":"closed","ping_status":"closed","sticky":false,"template":"","format":"standard","meta":{"ngg_post_thumbnail":0,"footnotes":""},"categories":[11],"tags":[32],"_links":{"self":[{"href":"https:\/\/ecole-stjoseph-saffre.fr\/index.php?rest_route=\/wp\/v2\/posts\/292"}],"collection":[{"href":"https:\/\/ecole-stjoseph-saffre.fr\/index.php?rest_route=\/wp\/v2\/posts"}],"about":[{"href":"https:\/\/ecole-stjoseph-saffre.fr\/index.php?rest_route=\/wp\/v2\/types\/post"}],"author":[{"embeddable":true,"href":"https:\/\/ecole-stjoseph-saffre.fr\/index.php?rest_route=\/wp\/v2\/users\/12"}],"replies":[{"embeddable":true,"href":"https:\/\/ecole-stjoseph-saffre.fr\/index.php?rest_route=%2Fwp%2Fv2%2Fcomments&post=292"}],"version-history":[{"count":0,"href":"https:\/\/ecole-stjoseph-saffre.fr\/index.php?rest_route=\/wp\/v2\/posts\/292\/revisions"}],"wp:attachment":[{"href":"https:\/\/ecole-stjoseph-saffre.fr\/index.php?rest_route=%2Fwp%2Fv2%2Fmedia&parent=292"}],"wp:term":[{"taxonomy":"category","embeddable":true,"href":"https:\/\/ecole-stjoseph-saffre.fr\/index.php?rest_route=%2Fwp%2Fv2%2Fcategories&post=292"},{"taxonomy":"post_tag","embeddable":true,"href":"https:\/\/ecole-stjoseph-saffre.fr\/index.php?rest_route=%2Fwp%2Fv2%2Ftags&post=292"}],"curies":[{"name":"wp","href":"https:\/\/api.w.org\/{rel}","templated":true}]}}