{"id":2923,"date":"2017-07-10T14:34:31","date_gmt":"2017-07-10T13:34:31","guid":{"rendered":"https:\/\/ecole-stjoseph-saffre.fr\/?p=2923"},"modified":"2017-07-10T14:34:31","modified_gmt":"2017-07-10T13:34:31","slug":"oeuvre-de-la-semaine-n22","status":"publish","type":"post","link":"https:\/\/ecole-stjoseph-saffre.fr\/?p=2923","title":{"rendered":"\u0152uvre de la semaine n\u00b022"},"content":{"rendered":"<p>Th\u00e8me de la 22\u00e8me semaine\u00a0: une \u0153uvre de Beethoven<\/p>\n<p>Voici l\u2019\u0153uvre pr\u00e9f\u00e9r\u00e9e de la classe\u00a0: La Symphonie H\u00e9ro\u00efque<\/p>\n<p><a href=\"https:\/\/ecole-stjoseph-saffre.fr\/wp-content\/uploads\/2017\/07\/CM1-22-Beetov.jpg\"><img loading=\"lazy\" decoding=\"async\" class=\"aligncenter size-full wp-image-2910\" src=\"https:\/\/ecole-stjoseph-saffre.fr\/wp-content\/uploads\/2017\/07\/CM1-22-Beetov.jpg\" alt=\"\" width=\"288\" height=\"288\" srcset=\"https:\/\/ecole-stjoseph-saffre.fr\/wp-content\/uploads\/2017\/07\/CM1-22-Beetov.jpg 288w, https:\/\/ecole-stjoseph-saffre.fr\/wp-content\/uploads\/2017\/07\/CM1-22-Beetov-150x150.jpg 150w\" sizes=\"(max-width: 288px) 100vw, 288px\" \/><\/a><\/p>\n","protected":false},"excerpt":{"rendered":"<p>Th\u00e8me de la 22\u00e8me semaine\u00a0: une \u0153uvre de Beethoven Voici l\u2019\u0153uvre pr\u00e9f\u00e9r\u00e9e de la classe\u00a0: La Symphonie H\u00e9ro\u00efque<\/p>\n","protected":false},"author":7,"featured_media":0,"comment_status":"closed","ping_status":"closed","sticky":false,"template":"","format":"standard","meta":{"ngg_post_thumbnail":0,"footnotes":""},"categories":[5],"tags":[],"_links":{"self":[{"href":"https:\/\/ecole-stjoseph-saffre.fr\/index.php?rest_route=\/wp\/v2\/posts\/2923"}],"collection":[{"href":"https:\/\/ecole-stjoseph-saffre.fr\/index.php?rest_route=\/wp\/v2\/posts"}],"about":[{"href":"https:\/\/ecole-stjoseph-saffre.fr\/index.php?rest_route=\/wp\/v2\/types\/post"}],"author":[{"embeddable":true,"href":"https:\/\/ecole-stjoseph-saffre.fr\/index.php?rest_route=\/wp\/v2\/users\/7"}],"replies":[{"embeddable":true,"href":"https:\/\/ecole-stjoseph-saffre.fr\/index.php?rest_route=%2Fwp%2Fv2%2Fcomments&post=2923"}],"version-history":[{"count":0,"href":"https:\/\/ecole-stjoseph-saffre.fr\/index.php?rest_route=\/wp\/v2\/posts\/2923\/revisions"}],"wp:attachment":[{"href":"https:\/\/ecole-stjoseph-saffre.fr\/index.php?rest_route=%2Fwp%2Fv2%2Fmedia&parent=2923"}],"wp:term":[{"taxonomy":"category","embeddable":true,"href":"https:\/\/ecole-stjoseph-saffre.fr\/index.php?rest_route=%2Fwp%2Fv2%2Fcategories&post=2923"},{"taxonomy":"post_tag","embeddable":true,"href":"https:\/\/ecole-stjoseph-saffre.fr\/index.php?rest_route=%2Fwp%2Fv2%2Ftags&post=2923"}],"curies":[{"name":"wp","href":"https:\/\/api.w.org\/{rel}","templated":true}]}}