{"id":2928,"date":"2017-07-10T14:39:28","date_gmt":"2017-07-10T13:39:28","guid":{"rendered":"https:\/\/ecole-stjoseph-saffre.fr\/?p=2928"},"modified":"2017-07-10T14:39:28","modified_gmt":"2017-07-10T13:39:28","slug":"oeuvre-de-la-semaine-n-24","status":"publish","type":"post","link":"https:\/\/ecole-stjoseph-saffre.fr\/?p=2928","title":{"rendered":"\u0152uvre de la semaine n\u00b0 24"},"content":{"rendered":"<p>Th\u00e8me de la 24\u00e8me semaine\u00a0: un portrait de roi de France<\/p>\n<p>L\u2019\u0153uvre pr\u00e9f\u00e9r\u00e9e de la classe\u00a0: Napol\u00e9on dans son cabinet de travail de DAVID<\/p>\n<p><a href=\"https:\/\/ecole-stjoseph-saffre.fr\/wp-content\/uploads\/2017\/07\/CM1-24-Napol\u00e9on-dans-son-cabinais-de-travail.jpg\"><img loading=\"lazy\" decoding=\"async\" class=\"aligncenter size-medium wp-image-2911\" src=\"https:\/\/ecole-stjoseph-saffre.fr\/wp-content\/uploads\/2017\/07\/CM1-24-Napol\u00e9on-dans-son-cabinais-de-travail-180x300.jpg\" alt=\"\" width=\"180\" height=\"300\" srcset=\"https:\/\/ecole-stjoseph-saffre.fr\/wp-content\/uploads\/2017\/07\/CM1-24-Napol\u00e9on-dans-son-cabinais-de-travail-180x300.jpg 180w, https:\/\/ecole-stjoseph-saffre.fr\/wp-content\/uploads\/2017\/07\/CM1-24-Napol\u00e9on-dans-son-cabinais-de-travail.jpg 220w\" sizes=\"(max-width: 180px) 100vw, 180px\" \/><\/a><\/p>\n","protected":false},"excerpt":{"rendered":"<p>Th\u00e8me de la 24\u00e8me semaine\u00a0: un portrait de roi de France L\u2019\u0153uvre pr\u00e9f\u00e9r\u00e9e de la classe\u00a0: Napol\u00e9on dans son cabinet de travail de DAVID<\/p>\n","protected":false},"author":7,"featured_media":0,"comment_status":"closed","ping_status":"closed","sticky":false,"template":"","format":"standard","meta":{"ngg_post_thumbnail":0,"footnotes":""},"categories":[5],"tags":[],"_links":{"self":[{"href":"https:\/\/ecole-stjoseph-saffre.fr\/index.php?rest_route=\/wp\/v2\/posts\/2928"}],"collection":[{"href":"https:\/\/ecole-stjoseph-saffre.fr\/index.php?rest_route=\/wp\/v2\/posts"}],"about":[{"href":"https:\/\/ecole-stjoseph-saffre.fr\/index.php?rest_route=\/wp\/v2\/types\/post"}],"author":[{"embeddable":true,"href":"https:\/\/ecole-stjoseph-saffre.fr\/index.php?rest_route=\/wp\/v2\/users\/7"}],"replies":[{"embeddable":true,"href":"https:\/\/ecole-stjoseph-saffre.fr\/index.php?rest_route=%2Fwp%2Fv2%2Fcomments&post=2928"}],"version-history":[{"count":0,"href":"https:\/\/ecole-stjoseph-saffre.fr\/index.php?rest_route=\/wp\/v2\/posts\/2928\/revisions"}],"wp:attachment":[{"href":"https:\/\/ecole-stjoseph-saffre.fr\/index.php?rest_route=%2Fwp%2Fv2%2Fmedia&parent=2928"}],"wp:term":[{"taxonomy":"category","embeddable":true,"href":"https:\/\/ecole-stjoseph-saffre.fr\/index.php?rest_route=%2Fwp%2Fv2%2Fcategories&post=2928"},{"taxonomy":"post_tag","embeddable":true,"href":"https:\/\/ecole-stjoseph-saffre.fr\/index.php?rest_route=%2Fwp%2Fv2%2Ftags&post=2928"}],"curies":[{"name":"wp","href":"https:\/\/api.w.org\/{rel}","templated":true}]}}