{"id":2931,"date":"2017-07-10T14:41:06","date_gmt":"2017-07-10T13:41:06","guid":{"rendered":"https:\/\/ecole-stjoseph-saffre.fr\/?p=2931"},"modified":"2017-07-10T14:41:06","modified_gmt":"2017-07-10T13:41:06","slug":"oeuvre-de-la-semaine-n25","status":"publish","type":"post","link":"https:\/\/ecole-stjoseph-saffre.fr\/?p=2931","title":{"rendered":"\u0152uvre de la semaine n\u00b025"},"content":{"rendered":"<p>Th\u00e8me de la 25\u00e8me semaine\u00a0: une \u0153uvre de musique classique<\/p>\n<p>L\u2019\u0153uvre pr\u00e9f\u00e9r\u00e9e de la classe\u00a0: Sonatine pour fl\u00fbte et piano de Boulez<\/p>\n<div id=\"attachment_2912\" style=\"width: 310px\" class=\"wp-caption aligncenter\"><a href=\"https:\/\/ecole-stjoseph-saffre.fr\/wp-content\/uploads\/2017\/07\/CM1-25-Bouletz.jpg\"><img loading=\"lazy\" decoding=\"async\" aria-describedby=\"caption-attachment-2912\" class=\"size-medium wp-image-2912\" src=\"https:\/\/ecole-stjoseph-saffre.fr\/wp-content\/uploads\/2017\/07\/CM1-25-Bouletz-300x209.jpg\" alt=\"\" width=\"300\" height=\"209\" srcset=\"https:\/\/ecole-stjoseph-saffre.fr\/wp-content\/uploads\/2017\/07\/CM1-25-Bouletz-300x209.jpg 300w, https:\/\/ecole-stjoseph-saffre.fr\/wp-content\/uploads\/2017\/07\/CM1-25-Bouletz.jpg 550w\" sizes=\"(max-width: 300px) 100vw, 300px\" \/><\/a><p id=\"caption-attachment-2912\" class=\"wp-caption-text\">iboulez001p1<\/p><\/div>\n","protected":false},"excerpt":{"rendered":"<p>Th\u00e8me de la 25\u00e8me semaine\u00a0: une \u0153uvre de musique classique L\u2019\u0153uvre pr\u00e9f\u00e9r\u00e9e de la classe\u00a0: Sonatine pour fl\u00fbte et piano de Boulez<\/p>\n","protected":false},"author":7,"featured_media":0,"comment_status":"closed","ping_status":"closed","sticky":false,"template":"","format":"standard","meta":{"ngg_post_thumbnail":0,"footnotes":""},"categories":[5],"tags":[],"_links":{"self":[{"href":"https:\/\/ecole-stjoseph-saffre.fr\/index.php?rest_route=\/wp\/v2\/posts\/2931"}],"collection":[{"href":"https:\/\/ecole-stjoseph-saffre.fr\/index.php?rest_route=\/wp\/v2\/posts"}],"about":[{"href":"https:\/\/ecole-stjoseph-saffre.fr\/index.php?rest_route=\/wp\/v2\/types\/post"}],"author":[{"embeddable":true,"href":"https:\/\/ecole-stjoseph-saffre.fr\/index.php?rest_route=\/wp\/v2\/users\/7"}],"replies":[{"embeddable":true,"href":"https:\/\/ecole-stjoseph-saffre.fr\/index.php?rest_route=%2Fwp%2Fv2%2Fcomments&post=2931"}],"version-history":[{"count":0,"href":"https:\/\/ecole-stjoseph-saffre.fr\/index.php?rest_route=\/wp\/v2\/posts\/2931\/revisions"}],"wp:attachment":[{"href":"https:\/\/ecole-stjoseph-saffre.fr\/index.php?rest_route=%2Fwp%2Fv2%2Fmedia&parent=2931"}],"wp:term":[{"taxonomy":"category","embeddable":true,"href":"https:\/\/ecole-stjoseph-saffre.fr\/index.php?rest_route=%2Fwp%2Fv2%2Fcategories&post=2931"},{"taxonomy":"post_tag","embeddable":true,"href":"https:\/\/ecole-stjoseph-saffre.fr\/index.php?rest_route=%2Fwp%2Fv2%2Ftags&post=2931"}],"curies":[{"name":"wp","href":"https:\/\/api.w.org\/{rel}","templated":true}]}}