{"id":3929,"date":"2018-01-18T09:50:11","date_gmt":"2018-01-18T08:50:11","guid":{"rendered":"https:\/\/ecole-stjoseph-saffre.fr\/?p=3929"},"modified":"2018-01-18T09:50:11","modified_gmt":"2018-01-18T08:50:11","slug":"logec-organise-une-operation-plats-a-emporter-les-16-et-17-fevrier-prochain","status":"publish","type":"post","link":"https:\/\/ecole-stjoseph-saffre.fr\/?p=3929","title":{"rendered":"L&#8217;OGEC organise une op\u00e9ration &#8220;Plats \u00e0 emporter&#8221; les 16 et 17 f\u00e9vrier prochain !"},"content":{"rendered":"<p>Pour la premi\u00e8re ann\u00e9e, l\u2019OGEC a d\u00e9cid\u00e9 de proposer des plats \u00e0 emporter <u>le vendredi 16 et le samedi 17 f\u00e9vrier 2018<\/u><\/p>\n<p>Votre (vos) enfant(s) est (sont) en \u00e9l\u00e9mentaire et participe(nt) au chant choral&nbsp;? C\u2019est l\u2019id\u00e9al&nbsp;! Pas de cuisine \u00e0 pr\u00e9parer, pas de repas \u00e0 pr\u00e9voir&nbsp;! Juste \u00e0 venir retirer vos parts \u00e0 l\u2019\u00e9cole au moment du verre de l\u2019amiti\u00e9 offert par l\u2019OGEC apr\u00e8s le spectacle des enfants.<\/p>\n<p style=\"text-align: center;\"><strong><u>&nbsp;Au menu&nbsp;: Rougail saucisse avec accompagnement.<\/u><\/strong><\/p>\n<p><u>Deux formules s\u2019offrent \u00e0 vous&nbsp;:<\/u><\/p>\n<ul>\n<li>Plat seul 8\u20ac la part<\/li>\n<li>Plat avec fromage et dessert 10\u20ac<\/li>\n<\/ul>\n<p>Les plats seront \u00e0 retirer \u00e0 l\u2019\u00e9cole le vendredi soir de 19h30 \u00e0 22h apr\u00e8s le chant choral des \u00e9l\u00e9mentaires ou le samedi de 11h30 \u00e0 14h.<\/p>\n<p>Pensez \u00e0 en parler \u00e0 vos voisins, amis ou \u00e0 la famille : vous pouvez nous transmettre plusieurs bons de commande. Ce dernier est \u00e9galement disponible au bas de cet article.<\/p>\n<p>Vous pouvez aussi commander en contactant le 06.70.79.37.83 (Elodie JOUBREIL), pensez \u00e0 laisser vos <u>noms, pr\u00e9nom et nombre de parts souhait\u00e9es. La r\u00e9ception du r\u00e8glement validera la commande (ch\u00e8que \u00e0 l\u2019ordre de l\u2019OGEC St Joseph). <\/u><\/p>\n<p style=\"text-align: center;\"><strong>Date limite de retour des bons de commande <span style=\"color: #ff0000;\">le 5 f\u00e9vrier.<\/span><\/strong><\/p>\n<p><em><u>Appel aux b\u00e9n\u00e9voles&nbsp;:<\/u> Pour la mise en barquettes nous aurons besoin de petites mains le vendredi, si vous \u00eates disponible pour une heure ou m\u00eame plus, venez nous aider&nbsp;d\u00e8s la sortie de l\u2019\u00e9cole! Nous aurons aussi besoin de l\u2019aide des <strong>parents de maternelles<\/strong> pour la distribution du vendredi soir, les parents des \u00e9l\u00e9mentaires assistant au chant choral. Merci d\u2019avance de vous faire connaitre aupr\u00e8s d\u2019Elodie au 06.70.79.37.83<\/em><\/p>\n<p style=\"text-align: center;\"><b>Le bon de commande \u00e0 t\u00e9l\u00e9charger :<\/b><\/p>\n<iframe src=\"\/\/docs.google.com\/viewer?url=https%3A%2F%2Fecole-stjoseph-saffre.fr%2Fwp-content%2Fuploads%2F2018%2F01%2FBon-seul-plats-%C3%A0-emporter-ecole-St-Joseph.pdf&hl=fr&embedded=true\" class=\"gde-frame\" style=\"width:100%; height:500px; border: none;\" scrolling=\"no\"><\/iframe>\n<p class=\"gde-text\"><a href=\"https:\/\/ecole-stjoseph-saffre.fr\/wp-content\/uploads\/2018\/01\/Bon-seul-plats-\u00e0-emporter-ecole-St-Joseph.pdf\" class=\"gde-link\">T\u00e9l\u00e9charger (PDF, 462KB)<\/a><\/p>\n<p>&nbsp;<\/p>\n","protected":false},"excerpt":{"rendered":"<p>Pour la premi\u00e8re ann\u00e9e, l\u2019OGEC a d\u00e9cid\u00e9 de proposer des plats \u00e0 emporter le vendredi 16 et le samedi 17 f\u00e9vrier 2018 Votre (vos) enfant(s) est (sont) en \u00e9l\u00e9mentaire et participe(nt) au chant choral&nbsp;? C\u2019est l\u2019id\u00e9al&nbsp;! Pas de cuisine \u00e0 pr\u00e9parer, pas de repas \u00e0 pr\u00e9voir&nbsp;! Juste \u00e0 venir retirer vos parts \u00e0 l\u2019\u00e9cole au&hellip; <br \/> <a class=\"read-more\" href=\"https:\/\/ecole-stjoseph-saffre.fr\/?p=3929\">Lire la suite<\/a><\/p>\n","protected":false},"author":10,"featured_media":0,"comment_status":"closed","ping_status":"closed","sticky":false,"template":"","format":"standard","meta":{"ngg_post_thumbnail":0,"footnotes":""},"categories":[13],"tags":[64,62,63],"_links":{"self":[{"href":"https:\/\/ecole-stjoseph-saffre.fr\/index.php?rest_route=\/wp\/v2\/posts\/3929"}],"collection":[{"href":"https:\/\/ecole-stjoseph-saffre.fr\/index.php?rest_route=\/wp\/v2\/posts"}],"about":[{"href":"https:\/\/ecole-stjoseph-saffre.fr\/index.php?rest_route=\/wp\/v2\/types\/post"}],"author":[{"embeddable":true,"href":"https:\/\/ecole-stjoseph-saffre.fr\/index.php?rest_route=\/wp\/v2\/users\/10"}],"replies":[{"embeddable":true,"href":"https:\/\/ecole-stjoseph-saffre.fr\/index.php?rest_route=%2Fwp%2Fv2%2Fcomments&post=3929"}],"version-history":[{"count":0,"href":"https:\/\/ecole-stjoseph-saffre.fr\/index.php?rest_route=\/wp\/v2\/posts\/3929\/revisions"}],"wp:attachment":[{"href":"https:\/\/ecole-stjoseph-saffre.fr\/index.php?rest_route=%2Fwp%2Fv2%2Fmedia&parent=3929"}],"wp:term":[{"taxonomy":"category","embeddable":true,"href":"https:\/\/ecole-stjoseph-saffre.fr\/index.php?rest_route=%2Fwp%2Fv2%2Fcategories&post=3929"},{"taxonomy":"post_tag","embeddable":true,"href":"https:\/\/ecole-stjoseph-saffre.fr\/index.php?rest_route=%2Fwp%2Fv2%2Ftags&post=3929"}],"curies":[{"name":"wp","href":"https:\/\/api.w.org\/{rel}","templated":true}]}}