{"id":4453,"date":"2018-10-19T18:17:26","date_gmt":"2018-10-19T17:17:26","guid":{"rendered":"https:\/\/ecole-stjoseph-saffre.fr\/?p=4453"},"modified":"2018-11-03T11:00:46","modified_gmt":"2018-11-03T10:00:46","slug":"bon-de-commande-sapins-de-noel","status":"publish","type":"post","link":"https:\/\/ecole-stjoseph-saffre.fr\/?p=4453","title":{"rendered":"Bon de commande &#8220;Sapins de No\u00ebl&#8221;"},"content":{"rendered":"<p>A l\u2019occasion du march\u00e9 de No\u00ebl, qui aura lieu le <strong>samedi 1er d\u00e9cembre<\/strong>, vous pouvez commander vos sapins de No\u00ebl pour vous, vos voisins, vos proches, \u00e0 l\u2019aide du bon de commande ci-joint (profitez des vacances pour faire circuler l\u2019information autour de vous&nbsp;!). Il vous suffira de transmettre la commande avec le r\u00e8glement et de venir chercher vos sapins directement au March\u00e9 de No\u00ebl.<\/p>\n<p>&nbsp;<\/p>\n<p>Nous vous proposons 2 types de sapins diff\u00e9rents qui ont pouss\u00e9 en Loire-Atlantique coup\u00e9s ou avec une motte (sapin en pot avec racines qui se replante sous r\u00e9serve d&#8217;avoir \u00e9t\u00e9 bien arros\u00e9, et pas trop expos\u00e9 \u00e0 des temp\u00e9ratures \u00e9lev\u00e9es d\u2019int\u00e9rieur)&nbsp;:<strong>&nbsp;<\/strong><\/p>\n<table width=\"0\">\n<tbody>\n<tr>\n<td width=\"208\">\n<h4><strong>EPICEA<\/strong><\/h4>\n<\/td>\n<td width=\"160\">\n<h4><strong>1m \/1m50<\/strong><\/h4>\n<\/td>\n<td width=\"133\">\n<h4><strong>1m50 \/ 2m<\/strong><\/h4>\n<\/td>\n<td width=\"116\">\n<h4><strong>2m \/ 2m50<\/strong><\/h4>\n<\/td>\n<\/tr>\n<tr>\n<td width=\"208\"><strong>Coup\u00e9<\/strong><\/td>\n<td width=\"160\">10,50 \u20ac<\/td>\n<td width=\"133\">14 \u20ac<\/td>\n<td width=\"116\">19 \u20ac<\/td>\n<\/tr>\n<tr>\n<td width=\"208\"><strong>Avec motte <\/strong>(peut se replanter)<\/td>\n<td width=\"160\">19 \u20ac<br \/>\n(en 1m 25 \/ 1m50)<\/td>\n<td width=\"133\">&nbsp;<\/td>\n<td width=\"116\">&nbsp;<\/td>\n<\/tr>\n<tr>\n<td width=\"208\">&nbsp;<\/td>\n<td width=\"160\">&nbsp;<\/td>\n<td width=\"133\">&nbsp;<\/td>\n<td width=\"116\">&nbsp;<\/td>\n<\/tr>\n<tr>\n<td width=\"208\">\n<h4><strong>NORDMANN<\/strong><strong> (<\/strong><strong>ne perd pas ses \u00e9pines)<\/strong><\/h4>\n<\/td>\n<td width=\"160\">\n<h4><strong>&nbsp;<\/strong><strong>1m \/1m25<\/strong><\/h4>\n<\/td>\n<td width=\"133\">\n<h4><strong>&nbsp;<\/strong><strong>1m25 \/ 150m<\/strong><\/h4>\n<\/td>\n<td width=\"116\">\n<h4><strong>&nbsp;<\/strong><strong>150m \/ 175m<\/strong><\/h4>\n<\/td>\n<\/tr>\n<tr>\n<td width=\"208\"><strong>Coup\u00e9<\/strong><\/td>\n<td width=\"160\">17 \u20ac<\/td>\n<td width=\"133\">21 \u20ac<\/td>\n<td width=\"116\">26,50 \u20ac<\/td>\n<\/tr>\n<tr>\n<td width=\"208\"><strong>Avec motte <\/strong>(peut se replanter)<\/td>\n<td width=\"160\">&nbsp;<\/td>\n<td width=\"133\">29 \u20ac<\/td>\n<td width=\"116\">&nbsp;<\/td>\n<\/tr>\n<tr>\n<td colspan=\"4\" width=\"617\">&nbsp;<\/td>\n<\/tr>\n<tr>\n<td width=\"208\"><strong>Support sapin r\u00e9serve d&#8217;eau<\/strong><\/td>\n<td width=\"160\">10 \u20ac<\/td>\n<td width=\"133\">&nbsp;<\/td>\n<td width=\"116\">&nbsp;<\/td>\n<\/tr>\n<\/tbody>\n<\/table>\n<p>&nbsp;<\/p>\n<p>Si vous \u00eates int\u00e9ress\u00e9s par cette vente, nous vous demandons de bien vouloir remplir le bon de commande ci-dessous et de le rapporter <strong><u>avant le Jeudi 08 Novembre 2018<\/u><\/strong> avec le paiement (\u00e0 l&#8217;ordre de l&#8217;OGEC Saffr\u00e9) dans une enveloppe libell\u00e9e &#8220;OGEC sapins&#8221;.<\/p>\n<p>Merci \u00e0 tous pour votre attention et pour vos commandes&nbsp;!<\/p>\n<iframe src=\"\/\/docs.google.com\/viewer?url=https%3A%2F%2Fecole-stjoseph-saffre.fr%2Fwp-content%2Fuploads%2F2018%2F10%2FBON-DE-COMMANDE-grand-public-SAPINS-2018_v2-2.pdf&hl=fr&embedded=true\" class=\"gde-frame\" style=\"width:100%; height:500px; border: none;\" scrolling=\"no\"><\/iframe>\n<p class=\"gde-text\"><a href=\"https:\/\/ecole-stjoseph-saffre.fr\/wp-content\/uploads\/2018\/10\/BON-DE-COMMANDE-grand-public-SAPINS-2018_v2-2.pdf\" class=\"gde-link\">T\u00e9l\u00e9charger (PDF, 397KB)<\/a><\/p>\n","protected":false},"excerpt":{"rendered":"<p>A l\u2019occasion du march\u00e9 de No\u00ebl, qui aura lieu le samedi 1er d\u00e9cembre, vous pouvez commander vos sapins de No\u00ebl pour vous, vos voisins, vos proches, \u00e0 l\u2019aide du bon de commande ci-joint (profitez des vacances pour faire circuler l\u2019information autour de vous&nbsp;!). Il vous suffira de transmettre la commande avec le r\u00e8glement et de&hellip; <br \/> <a class=\"read-more\" href=\"https:\/\/ecole-stjoseph-saffre.fr\/?p=4453\">Lire la suite<\/a><\/p>\n","protected":false},"author":10,"featured_media":0,"comment_status":"closed","ping_status":"closed","sticky":false,"template":"","format":"standard","meta":{"ngg_post_thumbnail":0,"footnotes":""},"categories":[13],"tags":[],"_links":{"self":[{"href":"https:\/\/ecole-stjoseph-saffre.fr\/index.php?rest_route=\/wp\/v2\/posts\/4453"}],"collection":[{"href":"https:\/\/ecole-stjoseph-saffre.fr\/index.php?rest_route=\/wp\/v2\/posts"}],"about":[{"href":"https:\/\/ecole-stjoseph-saffre.fr\/index.php?rest_route=\/wp\/v2\/types\/post"}],"author":[{"embeddable":true,"href":"https:\/\/ecole-stjoseph-saffre.fr\/index.php?rest_route=\/wp\/v2\/users\/10"}],"replies":[{"embeddable":true,"href":"https:\/\/ecole-stjoseph-saffre.fr\/index.php?rest_route=%2Fwp%2Fv2%2Fcomments&post=4453"}],"version-history":[{"count":0,"href":"https:\/\/ecole-stjoseph-saffre.fr\/index.php?rest_route=\/wp\/v2\/posts\/4453\/revisions"}],"wp:attachment":[{"href":"https:\/\/ecole-stjoseph-saffre.fr\/index.php?rest_route=%2Fwp%2Fv2%2Fmedia&parent=4453"}],"wp:term":[{"taxonomy":"category","embeddable":true,"href":"https:\/\/ecole-stjoseph-saffre.fr\/index.php?rest_route=%2Fwp%2Fv2%2Fcategories&post=4453"},{"taxonomy":"post_tag","embeddable":true,"href":"https:\/\/ecole-stjoseph-saffre.fr\/index.php?rest_route=%2Fwp%2Fv2%2Ftags&post=4453"}],"curies":[{"name":"wp","href":"https:\/\/api.w.org\/{rel}","templated":true}]}}