{"id":4751,"date":"2019-01-24T10:04:12","date_gmt":"2019-01-24T09:04:12","guid":{"rendered":"https:\/\/ecole-stjoseph-saffre.fr\/?p=4751"},"modified":"2019-01-24T10:06:23","modified_gmt":"2019-01-24T09:06:23","slug":"voyage-cm-dans-le-morbihan-vente-de-saucissons-par-les-eleves","status":"publish","type":"post","link":"https:\/\/ecole-stjoseph-saffre.fr\/?p=4751","title":{"rendered":"Voyage CM dans le Morbihan : vente de saucissons par les \u00e9l\u00e8ves"},"content":{"rendered":"<p>Une action sp\u00e9ciale vient d&#8217;\u00eatre lanc\u00e9e <strong>par les parents et \u00e9l\u00e8ves de CM<\/strong> afin d&#8217;all\u00e9ger le co\u00fbt du voyage (qui cette ann\u00e9e aura lieu dans le Morbihan, sur le th\u00e8me du patrimoine).<\/p>\n<p>Ils proposent une op\u00e9ration \u00ab&nbsp;vente de saucissons&nbsp;\u00bb parmi une s\u00e9lection de 5 saveurs aux tarifs suivants&nbsp;:<\/p>\n<ul>\n<li>4 \u20ac le saucisson \u00e0 l\u2019unit\u00e9, <strong>saveur<\/strong> <strong>au choix<\/strong><\/li>\n<li>10 \u20ac les 3 saucissons, <strong>saveurs<\/strong> <strong>au choix<\/strong><\/li>\n<li>15 \u20ac l\u2019assortiment de 5 saucissons diff\u00e9rents (<strong>un de chaque saveur<\/strong>)<\/li>\n<\/ul>\n<p><a href=\"https:\/\/ecole-stjoseph-saffre.fr\/wp-content\/uploads\/2019\/01\/saucisson-france.jpg\"><img loading=\"lazy\" decoding=\"async\" width=\"270\" height=\"271\" class=\"alignright size-full wp-image-4754\" alt=\"\" src=\"https:\/\/ecole-stjoseph-saffre.fr\/wp-content\/uploads\/2019\/01\/saucisson-france.jpg\" srcset=\"https:\/\/ecole-stjoseph-saffre.fr\/wp-content\/uploads\/2019\/01\/saucisson-france.jpg 270w, https:\/\/ecole-stjoseph-saffre.fr\/wp-content\/uploads\/2019\/01\/saucisson-france-150x150.jpg 150w\" sizes=\"(max-width: 270px) 100vw, 270px\" \/><\/a><\/p>\n<p><em>\u00ab&nbsp;Saveurs propos\u00e9es&nbsp;: Nature \/ Fum\u00e9 \/ Noisettes \/ Herbes \/ Reblochon<\/em><\/p>\n<p><em>&nbsp;<\/em><em>Salaison de Haute Savoie, en boyau naturel, \u00e0 base de porc fran\u00e7ais, s\u00e9ch\u00e9 en montagne, sans gluten, sans colorant ni conservateur chimique. <\/em><\/p>\n<p><a href=\"http:\/\/www.saucisson-de-france.fr\"><strong>www.saucisson-de-france.fr<\/strong><\/a><\/p>\n<p><strong><em>Les saucissons sont recouverts d\u2019une flore naturelle, ce qui correspond \u00e0 un moisi noble<\/em><\/strong><em>. Vous pouvez retrouver ces saucissons sur de nombreux march\u00e9s aux alentours.&nbsp;\u00bb<\/em><\/p>\n<p style=\"text-align: left;\"><em>Poids unitaire&nbsp;: environ 180 gr.<\/em><\/p>\n<p style=\"text-align: left;\"><em>Date Limite d\u2019Utilisation Optimale&nbsp;: 2 mois. <\/em><\/p>\n<h3 style=\"text-align: center;\">&nbsp;<\/h3>\n<h3 style=\"text-align: center;\">N&#8217;h\u00e9sitez pas \u00e0 en faire profiter votre entourage, famille et amis !!<\/h3>\n<h3 style=\"text-align: center;\"><strong>Si vous \u00eates int\u00e9ress\u00e9s, merci de vous rapprocher d&#8217;un \u00e9l\u00e8ve ou parent d&#8217;\u00e9l\u00e8ve de CM afin qu&#8217;il r\u00e9cup\u00e8re votre commande et s&#8217;organise pour la distribution.<br \/>\n<\/strong><\/h3>\n<p>&nbsp;<\/p>\n<h3><span style=\"color: rgb(255, 0, 0);\"><strong><em>NOTE A L&#8217;ATTENTION DES PARENTS DE CM UNIQUEMENT :<\/em><\/strong><\/span><\/h3>\n<p><span style=\"color: rgb(255, 0, 0);\"><strong><em>Ci-dessous des bons de commande suppl\u00e9mentaires si besoin, t\u00e9l\u00e9chargeable pour vos prises commandes.<\/em><\/strong><\/span><\/p>\n<iframe src=\"\/\/docs.google.com\/viewer?url=https%3A%2F%2Fecole-stjoseph-saffre.fr%2Fwp-content%2Fuploads%2F2019%2F01%2FBDC-suppl%C3%A9mentaire-prise-commande-PARENTS-CM-UNIQUEMENT.pdf&hl=fr&embedded=true\" class=\"gde-frame\" style=\"width:100%; height:500px; border: none;\" scrolling=\"no\"><\/iframe>\n<p class=\"gde-text\"><a href=\"https:\/\/ecole-stjoseph-saffre.fr\/wp-content\/uploads\/2019\/01\/BDC-suppl\u00e9mentaire-prise-commande-PARENTS-CM-UNIQUEMENT.pdf\" class=\"gde-link\">T\u00e9l\u00e9charger (PDF, 331KB)<\/a><\/p>\n","protected":false},"excerpt":{"rendered":"<p>Une action sp\u00e9ciale vient d&#8217;\u00eatre lanc\u00e9e par les parents et \u00e9l\u00e8ves de CM afin d&#8217;all\u00e9ger le co\u00fbt du voyage (qui cette ann\u00e9e aura lieu dans le Morbihan, sur le th\u00e8me du patrimoine). Ils proposent une op\u00e9ration \u00ab&nbsp;vente de saucissons&nbsp;\u00bb parmi une s\u00e9lection de 5 saveurs aux tarifs suivants&nbsp;: 4 \u20ac le saucisson \u00e0 l\u2019unit\u00e9, saveur&hellip; <br \/> <a class=\"read-more\" href=\"https:\/\/ecole-stjoseph-saffre.fr\/?p=4751\">Lire la suite<\/a><\/p>\n","protected":false},"author":10,"featured_media":4754,"comment_status":"closed","ping_status":"closed","sticky":false,"template":"","format":"standard","meta":{"ngg_post_thumbnail":0,"footnotes":""},"categories":[13],"tags":[78,62,79,48],"_links":{"self":[{"href":"https:\/\/ecole-stjoseph-saffre.fr\/index.php?rest_route=\/wp\/v2\/posts\/4751"}],"collection":[{"href":"https:\/\/ecole-stjoseph-saffre.fr\/index.php?rest_route=\/wp\/v2\/posts"}],"about":[{"href":"https:\/\/ecole-stjoseph-saffre.fr\/index.php?rest_route=\/wp\/v2\/types\/post"}],"author":[{"embeddable":true,"href":"https:\/\/ecole-stjoseph-saffre.fr\/index.php?rest_route=\/wp\/v2\/users\/10"}],"replies":[{"embeddable":true,"href":"https:\/\/ecole-stjoseph-saffre.fr\/index.php?rest_route=%2Fwp%2Fv2%2Fcomments&post=4751"}],"version-history":[{"count":12,"href":"https:\/\/ecole-stjoseph-saffre.fr\/index.php?rest_route=\/wp\/v2\/posts\/4751\/revisions"}],"predecessor-version":[{"id":4775,"href":"https:\/\/ecole-stjoseph-saffre.fr\/index.php?rest_route=\/wp\/v2\/posts\/4751\/revisions\/4775"}],"wp:featuredmedia":[{"embeddable":true,"href":"https:\/\/ecole-stjoseph-saffre.fr\/index.php?rest_route=\/wp\/v2\/media\/4754"}],"wp:attachment":[{"href":"https:\/\/ecole-stjoseph-saffre.fr\/index.php?rest_route=%2Fwp%2Fv2%2Fmedia&parent=4751"}],"wp:term":[{"taxonomy":"category","embeddable":true,"href":"https:\/\/ecole-stjoseph-saffre.fr\/index.php?rest_route=%2Fwp%2Fv2%2Fcategories&post=4751"},{"taxonomy":"post_tag","embeddable":true,"href":"https:\/\/ecole-stjoseph-saffre.fr\/index.php?rest_route=%2Fwp%2Fv2%2Ftags&post=4751"}],"curies":[{"name":"wp","href":"https:\/\/api.w.org\/{rel}","templated":true}]}}