{"id":4809,"date":"2019-02-11T14:52:39","date_gmt":"2019-02-11T13:52:39","guid":{"rendered":"https:\/\/ecole-stjoseph-saffre.fr\/?p=4809"},"modified":"2019-02-11T14:52:39","modified_gmt":"2019-02-11T13:52:39","slug":"rallye-lecture-max-et-lili","status":"publish","type":"post","link":"https:\/\/ecole-stjoseph-saffre.fr\/?p=4809","title":{"rendered":"Rallye lecture &#8220;Max et Lili&#8221;"},"content":{"rendered":"<p>Depuis le retour des vacances de No\u00ebl, les \u00e9l\u00e8ves de CE2 ont pu participer au rallye lecture <em>Max et Lili<\/em>.<\/p>\n<p>Ce rallye contenait une vingtaine de livres \u00e0 lire, accompagn\u00e9s d&#8217;un questionnaire, pour v\u00e9rifier la compr\u00e9hension.<\/p>\n<p>Suite \u00e0 cela, les participants ont pu recevoir un dipl\u00f4me pour les f\u00e9liciter de leur investissement et les encourager \u00e0 poursuivre!<\/p>\n<p style=\"text-align: center\">Bravo \u00e0 tous \ud83d\ude42&nbsp;<\/p>\n<p>&nbsp;<\/p>\n<p>&nbsp;<\/p>\n<p>&nbsp;<\/p>\n<p>&nbsp;<\/p>\n<p><a href=\"https:\/\/ecole-stjoseph-saffre.fr\/wp-content\/uploads\/2019\/02\/thumbnail_IMG_3473.jpg\"><img loading=\"lazy\" decoding=\"async\" class=\" wp-image-4810 aligncenter\" src=\"https:\/\/ecole-stjoseph-saffre.fr\/wp-content\/uploads\/2019\/02\/thumbnail_IMG_3473-300x225.jpg\" alt=\"\" width=\"364\" height=\"273\" srcset=\"https:\/\/ecole-stjoseph-saffre.fr\/wp-content\/uploads\/2019\/02\/thumbnail_IMG_3473-300x225.jpg 300w, https:\/\/ecole-stjoseph-saffre.fr\/wp-content\/uploads\/2019\/02\/thumbnail_IMG_3473-768x576.jpg 768w, https:\/\/ecole-stjoseph-saffre.fr\/wp-content\/uploads\/2019\/02\/thumbnail_IMG_3473-1024x768.jpg 1024w, https:\/\/ecole-stjoseph-saffre.fr\/wp-content\/uploads\/2019\/02\/thumbnail_IMG_3473.jpg 1280w\" sizes=\"(max-width: 364px) 100vw, 364px\" \/><\/a> <a href=\"https:\/\/ecole-stjoseph-saffre.fr\/wp-content\/uploads\/2019\/02\/thumbnail_IMG_3474.jpg\"><img loading=\"lazy\" decoding=\"async\" class=\" wp-image-4811 aligncenter\" src=\"https:\/\/ecole-stjoseph-saffre.fr\/wp-content\/uploads\/2019\/02\/thumbnail_IMG_3474-300x225.jpg\" alt=\"\" width=\"369\" height=\"277\" srcset=\"https:\/\/ecole-stjoseph-saffre.fr\/wp-content\/uploads\/2019\/02\/thumbnail_IMG_3474-300x225.jpg 300w, https:\/\/ecole-stjoseph-saffre.fr\/wp-content\/uploads\/2019\/02\/thumbnail_IMG_3474-768x576.jpg 768w, https:\/\/ecole-stjoseph-saffre.fr\/wp-content\/uploads\/2019\/02\/thumbnail_IMG_3474-1024x768.jpg 1024w, https:\/\/ecole-stjoseph-saffre.fr\/wp-content\/uploads\/2019\/02\/thumbnail_IMG_3474.jpg 1280w\" sizes=\"(max-width: 369px) 100vw, 369px\" \/><\/a><\/p>\n","protected":false},"excerpt":{"rendered":"<p>Depuis le retour des vacances de No\u00ebl, les \u00e9l\u00e8ves de CE2 ont pu participer au rallye lecture Max et Lili. Ce rallye contenait une vingtaine de livres \u00e0 lire, accompagn\u00e9s d&#8217;un questionnaire, pour v\u00e9rifier la compr\u00e9hension. Suite \u00e0 cela, les participants ont pu recevoir un dipl\u00f4me pour les f\u00e9liciter de leur investissement et les encourager&hellip; <br \/> <a class=\"read-more\" href=\"https:\/\/ecole-stjoseph-saffre.fr\/?p=4809\">Lire la suite<\/a><\/p>\n","protected":false},"author":6,"featured_media":0,"comment_status":"closed","ping_status":"closed","sticky":false,"template":"","format":"standard","meta":{"ngg_post_thumbnail":0,"footnotes":""},"categories":[6],"tags":[],"_links":{"self":[{"href":"https:\/\/ecole-stjoseph-saffre.fr\/index.php?rest_route=\/wp\/v2\/posts\/4809"}],"collection":[{"href":"https:\/\/ecole-stjoseph-saffre.fr\/index.php?rest_route=\/wp\/v2\/posts"}],"about":[{"href":"https:\/\/ecole-stjoseph-saffre.fr\/index.php?rest_route=\/wp\/v2\/types\/post"}],"author":[{"embeddable":true,"href":"https:\/\/ecole-stjoseph-saffre.fr\/index.php?rest_route=\/wp\/v2\/users\/6"}],"replies":[{"embeddable":true,"href":"https:\/\/ecole-stjoseph-saffre.fr\/index.php?rest_route=%2Fwp%2Fv2%2Fcomments&post=4809"}],"version-history":[{"count":1,"href":"https:\/\/ecole-stjoseph-saffre.fr\/index.php?rest_route=\/wp\/v2\/posts\/4809\/revisions"}],"predecessor-version":[{"id":4812,"href":"https:\/\/ecole-stjoseph-saffre.fr\/index.php?rest_route=\/wp\/v2\/posts\/4809\/revisions\/4812"}],"wp:attachment":[{"href":"https:\/\/ecole-stjoseph-saffre.fr\/index.php?rest_route=%2Fwp%2Fv2%2Fmedia&parent=4809"}],"wp:term":[{"taxonomy":"category","embeddable":true,"href":"https:\/\/ecole-stjoseph-saffre.fr\/index.php?rest_route=%2Fwp%2Fv2%2Fcategories&post=4809"},{"taxonomy":"post_tag","embeddable":true,"href":"https:\/\/ecole-stjoseph-saffre.fr\/index.php?rest_route=%2Fwp%2Fv2%2Ftags&post=4809"}],"curies":[{"name":"wp","href":"https:\/\/api.w.org\/{rel}","templated":true}]}}