{"id":4901,"date":"2019-02-19T10:41:48","date_gmt":"2019-02-19T09:41:48","guid":{"rendered":"https:\/\/ecole-stjoseph-saffre.fr\/?p=4901"},"modified":"2019-02-19T10:41:48","modified_gmt":"2019-02-19T09:41:48","slug":"spectacle-a-bouvron","status":"publish","type":"post","link":"https:\/\/ecole-stjoseph-saffre.fr\/?p=4901","title":{"rendered":"Spectacle \u00e0 Bouvron"},"content":{"rendered":"<p>Le mardi 8 janvier, nous sommes all\u00e9s \u00e0 la salle Horizinc de Bouvron assister au spectacle &#8220;Le P\u00e8re Tire-Bras&#8221;. Il s&#8217;agissait d&#8217;une lecture-spectacle illustr\u00e9e en direct et en musique (accord\u00e9on et saxophone) par 3 artistes.<\/p>\n<p>De retour en classe, nous avons eu envie de dessiner et de peindre avec seulement du noir et du rouge.<\/p>\n<p><a href=\"https:\/\/ecole-stjoseph-saffre.fr\/wp-content\/uploads\/2019\/02\/DSC_0059.jpg\"><img loading=\"lazy\" decoding=\"async\" class=\"alignright size-medium wp-image-4903\" src=\"https:\/\/ecole-stjoseph-saffre.fr\/wp-content\/uploads\/2019\/02\/DSC_0059-300x225.jpg\" alt=\"\" width=\"300\" height=\"225\" srcset=\"https:\/\/ecole-stjoseph-saffre.fr\/wp-content\/uploads\/2019\/02\/DSC_0059-300x225.jpg 300w, https:\/\/ecole-stjoseph-saffre.fr\/wp-content\/uploads\/2019\/02\/DSC_0059-768x576.jpg 768w, https:\/\/ecole-stjoseph-saffre.fr\/wp-content\/uploads\/2019\/02\/DSC_0059-1024x768.jpg 1024w, https:\/\/ecole-stjoseph-saffre.fr\/wp-content\/uploads\/2019\/02\/DSC_0059.jpg 2048w\" sizes=\"(max-width: 300px) 100vw, 300px\" \/><\/a><a href=\"https:\/\/ecole-stjoseph-saffre.fr\/wp-content\/uploads\/2019\/02\/DSC_0052.jpg\"><img loading=\"lazy\" decoding=\"async\" class=\"alignright size-medium wp-image-4902\" src=\"https:\/\/ecole-stjoseph-saffre.fr\/wp-content\/uploads\/2019\/02\/DSC_0052-300x225.jpg\" alt=\"\" width=\"300\" height=\"225\" srcset=\"https:\/\/ecole-stjoseph-saffre.fr\/wp-content\/uploads\/2019\/02\/DSC_0052-300x225.jpg 300w, https:\/\/ecole-stjoseph-saffre.fr\/wp-content\/uploads\/2019\/02\/DSC_0052-768x576.jpg 768w, https:\/\/ecole-stjoseph-saffre.fr\/wp-content\/uploads\/2019\/02\/DSC_0052-1024x768.jpg 1024w, https:\/\/ecole-stjoseph-saffre.fr\/wp-content\/uploads\/2019\/02\/DSC_0052.jpg 2048w\" sizes=\"(max-width: 300px) 100vw, 300px\" \/><\/a><\/p>\n","protected":false},"excerpt":{"rendered":"<p>Le mardi 8 janvier, nous sommes all\u00e9s \u00e0 la salle Horizinc de Bouvron assister au spectacle &#8220;Le P\u00e8re Tire-Bras&#8221;. Il s&#8217;agissait d&#8217;une lecture-spectacle illustr\u00e9e en direct et en musique (accord\u00e9on et saxophone) par 3 artistes. De retour en classe, nous avons eu envie de dessiner et de peindre avec seulement du noir et du rouge.<\/p>\n","protected":false},"author":3,"featured_media":0,"comment_status":"closed","ping_status":"closed","sticky":false,"template":"","format":"standard","meta":{"ngg_post_thumbnail":0,"footnotes":""},"categories":[8],"tags":[],"_links":{"self":[{"href":"https:\/\/ecole-stjoseph-saffre.fr\/index.php?rest_route=\/wp\/v2\/posts\/4901"}],"collection":[{"href":"https:\/\/ecole-stjoseph-saffre.fr\/index.php?rest_route=\/wp\/v2\/posts"}],"about":[{"href":"https:\/\/ecole-stjoseph-saffre.fr\/index.php?rest_route=\/wp\/v2\/types\/post"}],"author":[{"embeddable":true,"href":"https:\/\/ecole-stjoseph-saffre.fr\/index.php?rest_route=\/wp\/v2\/users\/3"}],"replies":[{"embeddable":true,"href":"https:\/\/ecole-stjoseph-saffre.fr\/index.php?rest_route=%2Fwp%2Fv2%2Fcomments&post=4901"}],"version-history":[{"count":1,"href":"https:\/\/ecole-stjoseph-saffre.fr\/index.php?rest_route=\/wp\/v2\/posts\/4901\/revisions"}],"predecessor-version":[{"id":4905,"href":"https:\/\/ecole-stjoseph-saffre.fr\/index.php?rest_route=\/wp\/v2\/posts\/4901\/revisions\/4905"}],"wp:attachment":[{"href":"https:\/\/ecole-stjoseph-saffre.fr\/index.php?rest_route=%2Fwp%2Fv2%2Fmedia&parent=4901"}],"wp:term":[{"taxonomy":"category","embeddable":true,"href":"https:\/\/ecole-stjoseph-saffre.fr\/index.php?rest_route=%2Fwp%2Fv2%2Fcategories&post=4901"},{"taxonomy":"post_tag","embeddable":true,"href":"https:\/\/ecole-stjoseph-saffre.fr\/index.php?rest_route=%2Fwp%2Fv2%2Ftags&post=4901"}],"curies":[{"name":"wp","href":"https:\/\/api.w.org\/{rel}","templated":true}]}}