{"id":4923,"date":"2019-02-24T08:59:03","date_gmt":"2019-02-24T07:59:03","guid":{"rendered":"https:\/\/ecole-stjoseph-saffre.fr\/?p=4923"},"modified":"2019-02-24T08:59:03","modified_gmt":"2019-02-24T07:59:03","slug":"nos-correspondants","status":"publish","type":"post","link":"https:\/\/ecole-stjoseph-saffre.fr\/?p=4923","title":{"rendered":"Nos correspondants"},"content":{"rendered":"<p>Cette ann\u00e9e, nous avons des correspondants ! Ce sont les ce1 de l&#8217;\u00e9cole de Carquefou. Nous avons re\u00e7u notre premier courrier, et d\u00e9couvert le portrait des \u00e9l\u00e8ves de la classe de B\u00e9atrice.<\/p>\n<p>Avec Mathilde et Sarah, nous leur avons r\u00e9pondu. Nous avons travaill\u00e9 la lettre avec Mathilde, et le portrait avec Sarah. Puis, avec Mathilde,&nbsp; nous avons r\u00e9alis\u00e9 un bricolage de No\u00ebl.&nbsp;Pour leur souhaiter une bonne ann\u00e9e, nous avons r\u00e9alis\u00e9 une carte de v\u0153ux avec Sarah.&nbsp;<\/p>\n<p>Nous avons h\u00e2te de recevoir notre prochain courrier\u2026&nbsp;<\/p>\nngg_shortcode_0_placeholder\n","protected":false},"excerpt":{"rendered":"<p>Cette ann\u00e9e, nous avons des correspondants ! Ce sont les ce1 de l&#8217;\u00e9cole de Carquefou. Nous avons re\u00e7u notre premier courrier, et d\u00e9couvert le portrait des \u00e9l\u00e8ves de la classe de B\u00e9atrice. Avec Mathilde et Sarah, nous leur avons r\u00e9pondu. Nous avons travaill\u00e9 la lettre avec Mathilde, et le portrait avec Sarah. Puis, avec Mathilde,&nbsp;&hellip; <br \/> <a class=\"read-more\" href=\"https:\/\/ecole-stjoseph-saffre.fr\/?p=4923\">Lire la suite<\/a><\/p>\n","protected":false},"author":12,"featured_media":0,"comment_status":"closed","ping_status":"closed","sticky":false,"template":"","format":"standard","meta":{"ngg_post_thumbnail":0,"footnotes":""},"categories":[7],"tags":[],"_links":{"self":[{"href":"https:\/\/ecole-stjoseph-saffre.fr\/index.php?rest_route=\/wp\/v2\/posts\/4923"}],"collection":[{"href":"https:\/\/ecole-stjoseph-saffre.fr\/index.php?rest_route=\/wp\/v2\/posts"}],"about":[{"href":"https:\/\/ecole-stjoseph-saffre.fr\/index.php?rest_route=\/wp\/v2\/types\/post"}],"author":[{"embeddable":true,"href":"https:\/\/ecole-stjoseph-saffre.fr\/index.php?rest_route=\/wp\/v2\/users\/12"}],"replies":[{"embeddable":true,"href":"https:\/\/ecole-stjoseph-saffre.fr\/index.php?rest_route=%2Fwp%2Fv2%2Fcomments&post=4923"}],"version-history":[{"count":1,"href":"https:\/\/ecole-stjoseph-saffre.fr\/index.php?rest_route=\/wp\/v2\/posts\/4923\/revisions"}],"predecessor-version":[{"id":4925,"href":"https:\/\/ecole-stjoseph-saffre.fr\/index.php?rest_route=\/wp\/v2\/posts\/4923\/revisions\/4925"}],"wp:attachment":[{"href":"https:\/\/ecole-stjoseph-saffre.fr\/index.php?rest_route=%2Fwp%2Fv2%2Fmedia&parent=4923"}],"wp:term":[{"taxonomy":"category","embeddable":true,"href":"https:\/\/ecole-stjoseph-saffre.fr\/index.php?rest_route=%2Fwp%2Fv2%2Fcategories&post=4923"},{"taxonomy":"post_tag","embeddable":true,"href":"https:\/\/ecole-stjoseph-saffre.fr\/index.php?rest_route=%2Fwp%2Fv2%2Ftags&post=4923"}],"curies":[{"name":"wp","href":"https:\/\/api.w.org\/{rel}","templated":true}]}}