{"id":6175,"date":"2020-03-13T20:06:39","date_gmt":"2020-03-13T19:06:39","guid":{"rendered":"https:\/\/ecole-stjoseph-saffre.fr\/?p=6175"},"modified":"2020-03-13T20:32:17","modified_gmt":"2020-03-13T19:32:17","slug":"fermeture-de-lecole","status":"publish","type":"post","link":"https:\/\/ecole-stjoseph-saffre.fr\/?p=6175","title":{"rendered":"FERMETURE DE L&#8217;ECOLE"},"content":{"rendered":"<p>Le ministre de l&#8217;Education nationale a indiqu\u00e9 ce vendredi 13 mars que la fermeture des \u00e9coles est prononc\u00e9e pour une premi\u00e8re p\u00e9riode incompressible jusqu&#8217;aux vacances de printemps.<\/p>\n<p>Aussi, dans le cadre du Plan de continuit\u00e9 p\u00e9dagogique, et en concertation de l&#8217;\u00e9quipe enseignante, nous vous pr\u00e9cisons que:<br \/>\n&#8211; il est important que les enfants gardent un rythme de travail r\u00e9gulier en respectant les jours scolaires.<br \/>\n&#8211; c&#8217;est l&#8217;enfant qui doit r\u00e9aliser les activit\u00e9s, accompagn\u00e9 par un adulte si besoin.<br \/>\n&#8211; vous devrez nous adresser les travaux r\u00e9alis\u00e9s: par retour \u00e0 l&#8217;adresse mail de la classe (cr\u00e9\u00e9e prochainement); par document scann\u00e9 ou envoi de photo ; ou sur papiers regroup\u00e9s dans une enveloppe au nom de la classe et de l&#8217;\u00e9l\u00e8ve, d\u00e9pos\u00e9e dans la boite aux lettres de l&#8217;\u00e9cole.<\/p>\n<p>Chaque enseignante va publier sur le blog de sa classe les activit\u00e9s pour la semaine prochaine. Ensuite, chacune communiquera les contenus p\u00e9dagogiques par courriel, \u00e0 partir de l&#8217;adresse mail de chaque classe.<br \/>\nDe plus, chaque enseignante d&#8217;\u00e9l\u00e9mentaire vous communiquera des liens pour acc\u00e9der \u00e0 des ressources num\u00e9riques et consolider les notions.<\/p>\n<p>La situation \u00e9tant tr\u00e8s \u00e9volutive, nous ne manquerons pas de vous informer d\u00e8s que de nouvelles consignes nous parviendront.<br \/>\nPour rappel, des permanences seront assur\u00e9es \u00e0 l&#8217;\u00e9cole aux horaires habituels de classe si besoin.<br \/>\nColombe Fontaine<\/p>\n","protected":false},"excerpt":{"rendered":"<p>Le ministre de l&#8217;Education nationale a indiqu\u00e9 ce vendredi 13 mars que la fermeture des \u00e9coles est prononc\u00e9e pour une premi\u00e8re p\u00e9riode incompressible jusqu&#8217;aux vacances de printemps. Aussi, dans le cadre du Plan de continuit\u00e9 p\u00e9dagogique, et en concertation de l&#8217;\u00e9quipe enseignante, nous vous pr\u00e9cisons que: &#8211; il est important que les enfants gardent un&hellip; <br \/> <a class=\"read-more\" href=\"https:\/\/ecole-stjoseph-saffre.fr\/?p=6175\">Lire la suite<\/a><\/p>\n","protected":false},"author":2,"featured_media":0,"comment_status":"closed","ping_status":"closed","sticky":false,"template":"","format":"standard","meta":{"ngg_post_thumbnail":0,"footnotes":""},"categories":[7,6,5,97,4,8,9,10,11],"tags":[],"_links":{"self":[{"href":"https:\/\/ecole-stjoseph-saffre.fr\/index.php?rest_route=\/wp\/v2\/posts\/6175"}],"collection":[{"href":"https:\/\/ecole-stjoseph-saffre.fr\/index.php?rest_route=\/wp\/v2\/posts"}],"about":[{"href":"https:\/\/ecole-stjoseph-saffre.fr\/index.php?rest_route=\/wp\/v2\/types\/post"}],"author":[{"embeddable":true,"href":"https:\/\/ecole-stjoseph-saffre.fr\/index.php?rest_route=\/wp\/v2\/users\/2"}],"replies":[{"embeddable":true,"href":"https:\/\/ecole-stjoseph-saffre.fr\/index.php?rest_route=%2Fwp%2Fv2%2Fcomments&post=6175"}],"version-history":[{"count":1,"href":"https:\/\/ecole-stjoseph-saffre.fr\/index.php?rest_route=\/wp\/v2\/posts\/6175\/revisions"}],"predecessor-version":[{"id":6176,"href":"https:\/\/ecole-stjoseph-saffre.fr\/index.php?rest_route=\/wp\/v2\/posts\/6175\/revisions\/6176"}],"wp:attachment":[{"href":"https:\/\/ecole-stjoseph-saffre.fr\/index.php?rest_route=%2Fwp%2Fv2%2Fmedia&parent=6175"}],"wp:term":[{"taxonomy":"category","embeddable":true,"href":"https:\/\/ecole-stjoseph-saffre.fr\/index.php?rest_route=%2Fwp%2Fv2%2Fcategories&post=6175"},{"taxonomy":"post_tag","embeddable":true,"href":"https:\/\/ecole-stjoseph-saffre.fr\/index.php?rest_route=%2Fwp%2Fv2%2Ftags&post=6175"}],"curies":[{"name":"wp","href":"https:\/\/api.w.org\/{rel}","templated":true}]}}