{"id":6247,"date":"2020-03-15T17:22:33","date_gmt":"2020-03-15T16:22:33","guid":{"rendered":"https:\/\/ecole-stjoseph-saffre.fr\/?p=6247"},"modified":"2020-03-15T17:22:33","modified_gmt":"2020-03-15T16:22:33","slug":"continuite-pedagogique-lundi-16-mars-2","status":"publish","type":"post","link":"https:\/\/ecole-stjoseph-saffre.fr\/?p=6247","title":{"rendered":"continuit\u00e9  p\u00e9dagogique : lundi 16 mars"},"content":{"rendered":"<p>Bonjour,<\/p>\n<p>Voici le travail donn\u00e9 aux enfants pour la journ\u00e9e du lundi 16 mars. L&#8217;\u00e9cole est ouverte aux heures de classe, vous y trouverez la version papier de ce travail si vous ne pouvez pas l&#8217;imprimer.<\/p>\n<p>Il \u00e9tait convenu, avec les coll\u00e8gues de r\u00e9cup\u00e9rer ce travail dans la bo\u00eete aux lettres de l&#8217;\u00e9cole sous enveloppe ou dans une pochette au nom de la classe et de l&#8217;\u00e9l\u00e8ve mercredi.<\/p>\n<p>Nous pourrons par la suite communiquer via l&#8217;adresse mail de la classe qui sera cr\u00e9\u00e9e demain.&nbsp;<\/p>\n<p>Je compte sur le s\u00e9rieux des enfants pour prendre le temps de s&#8217;appliquer.&nbsp;<\/p>\n<p>Bon travail<\/p>\n<p><strong>Lundi 16 mars<\/strong><\/p>\n<p><strong>Fran\u00e7ais&nbsp;: <\/strong><\/p>\n<ul>\n<li>Finir et corriger la fiche avec le son ill<\/li>\n<li>Fiche avec les noms en ail,eil, euil, ouil&nbsp;: <strong>exercices 1, 2, 3, 4<\/strong><\/li>\n<\/ul>\n<p>Comme d\u2019habitude si la d\u00e9finition ou la recherche d\u2019un mot pose probl\u00e8me, chercher dans le dictionnaire.<\/p>\n<p>Prendre son temps pour bien copier les mots sans erreur.<\/p>\n<ul>\n<li>Coloriage magique <strong>fiche 25&nbsp;: diff\u00e9rencier pr\u00e9sent, imparfait, futur<\/strong><\/li>\n<\/ul>\n<p><strong>Maths : <\/strong><\/p>\n<ul>\n<li>Carte au tr\u00e9sor&nbsp;: <strong>exercice 9<\/strong><\/li>\n<li>Fichier de probl\u00e8mes (1)&nbsp;: <strong>Probl\u00e8me 7<\/strong><\/li>\n<li>Poser et calculer ces op\u00e9rations&nbsp;:<\/li>\n<\/ul>\n<p>3&nbsp;254 + 4&nbsp;312 = &nbsp;&nbsp;&nbsp;&nbsp;&nbsp;&nbsp;&nbsp;&nbsp;&nbsp;&nbsp;&nbsp;&nbsp;&nbsp;&nbsp;&nbsp;&nbsp; 7&nbsp;256 + 1&nbsp;036 =<\/p>\n<p>6&nbsp;876 \u2013 3&nbsp;244 = &nbsp;&nbsp;&nbsp;&nbsp;&nbsp;&nbsp;&nbsp;&nbsp;&nbsp;&nbsp;&nbsp;&nbsp;&nbsp;&nbsp;&nbsp;&nbsp; 5&nbsp;369 \u2013 1472 &nbsp;=<\/p>\n<ul>\n<li>Revoir les tables de multiplications<\/li>\n<li><strong>fiche 21<\/strong>: la multiplication<\/li>\n<li><strong>fiche 22<\/strong>: X 2, X 3, X 4<\/li>\n<\/ul>\n<p><strong>Lecture&nbsp;:<\/strong><\/p>\n<ul>\n<li>Lecture \u00ab&nbsp;des minuscules&nbsp;\u00bb <strong>chapitre 7<\/strong> et r\u00e9pondre aux questions<\/li>\n<\/ul>\n<p><strong>Arts visuels&nbsp;: <\/strong><\/p>\n<ul>\n<li>Tracer des angles droits comme Piet Mondrian&nbsp;: sur la fiche ou une autre feuille blanche<\/li>\n<\/ul>\n<p><a href=\"https:\/\/ecole-stjoseph-saffre.fr\/wp-content\/uploads\/2020\/03\/tracer-des-angles-piet-mondrian.jpg\"><img loading=\"lazy\" decoding=\"async\" class=\"aligncenter size-large wp-image-6278\" src=\"https:\/\/ecole-stjoseph-saffre.fr\/wp-content\/uploads\/2020\/03\/tracer-des-angles-piet-mondrian-745x1024.jpg\" alt=\"\" width=\"745\" height=\"1024\" srcset=\"https:\/\/ecole-stjoseph-saffre.fr\/wp-content\/uploads\/2020\/03\/tracer-des-angles-piet-mondrian-745x1024.jpg 745w, https:\/\/ecole-stjoseph-saffre.fr\/wp-content\/uploads\/2020\/03\/tracer-des-angles-piet-mondrian-218x300.jpg 218w, https:\/\/ecole-stjoseph-saffre.fr\/wp-content\/uploads\/2020\/03\/tracer-des-angles-piet-mondrian-768x1055.jpg 768w, https:\/\/ecole-stjoseph-saffre.fr\/wp-content\/uploads\/2020\/03\/tracer-des-angles-piet-mondrian-1118x1536.jpg 1118w, https:\/\/ecole-stjoseph-saffre.fr\/wp-content\/uploads\/2020\/03\/tracer-des-angles-piet-mondrian.jpg 1275w\" sizes=\"(max-width: 745px) 100vw, 745px\" \/><\/a><\/p>\n<p><a href=\"https:\/\/ecole-stjoseph-saffre.fr\/wp-content\/uploads\/2020\/03\/fiche-25-diff\u00e9rencier-pr\u00e9sent-futur-imparfait.jpg\"><img loading=\"lazy\" decoding=\"async\" class=\"aligncenter size-large wp-image-6270\" src=\"https:\/\/ecole-stjoseph-saffre.fr\/wp-content\/uploads\/2020\/03\/fiche-25-diff\u00e9rencier-pr\u00e9sent-futur-imparfait-678x1024.jpg\" alt=\"\" width=\"678\" height=\"1024\" srcset=\"https:\/\/ecole-stjoseph-saffre.fr\/wp-content\/uploads\/2020\/03\/fiche-25-diff\u00e9rencier-pr\u00e9sent-futur-imparfait-678x1024.jpg 678w, https:\/\/ecole-stjoseph-saffre.fr\/wp-content\/uploads\/2020\/03\/fiche-25-diff\u00e9rencier-pr\u00e9sent-futur-imparfait-199x300.jpg 199w, https:\/\/ecole-stjoseph-saffre.fr\/wp-content\/uploads\/2020\/03\/fiche-25-diff\u00e9rencier-pr\u00e9sent-futur-imparfait-768x1160.jpg 768w, https:\/\/ecole-stjoseph-saffre.fr\/wp-content\/uploads\/2020\/03\/fiche-25-diff\u00e9rencier-pr\u00e9sent-futur-imparfait-1017x1536.jpg 1017w, https:\/\/ecole-stjoseph-saffre.fr\/wp-content\/uploads\/2020\/03\/fiche-25-diff\u00e9rencier-pr\u00e9sent-futur-imparfait.jpg 1155w\" sizes=\"(max-width: 678px) 100vw, 678px\" \/><\/a><\/p>\n\n\n<p><a href=\"https:\/\/ecole-stjoseph-saffre.fr\/wp-content\/uploads\/2020\/03\/P-22-X2-3-4.jpg\"><img loading=\"lazy\" decoding=\"async\" class=\"aligncenter size-large wp-image-6271\" src=\"https:\/\/ecole-stjoseph-saffre.fr\/wp-content\/uploads\/2020\/03\/P-22-X2-3-4-820x1024.jpg\" alt=\"\" width=\"820\" height=\"1024\" srcset=\"https:\/\/ecole-stjoseph-saffre.fr\/wp-content\/uploads\/2020\/03\/P-22-X2-3-4-820x1024.jpg 820w, https:\/\/ecole-stjoseph-saffre.fr\/wp-content\/uploads\/2020\/03\/P-22-X2-3-4-240x300.jpg 240w, https:\/\/ecole-stjoseph-saffre.fr\/wp-content\/uploads\/2020\/03\/P-22-X2-3-4-768x959.jpg 768w, https:\/\/ecole-stjoseph-saffre.fr\/wp-content\/uploads\/2020\/03\/P-22-X2-3-4.jpg 975w\" sizes=\"(max-width: 820px) 100vw, 820px\" \/><\/a><a href=\"https:\/\/ecole-stjoseph-saffre.fr\/wp-content\/uploads\/2020\/03\/P21-la-multiplication.jpg\"><img loading=\"lazy\" decoding=\"async\" class=\"aligncenter size-large wp-image-6272\" src=\"https:\/\/ecole-stjoseph-saffre.fr\/wp-content\/uploads\/2020\/03\/P21-la-multiplication-812x1024.jpg\" alt=\"\" width=\"812\" height=\"1024\" srcset=\"https:\/\/ecole-stjoseph-saffre.fr\/wp-content\/uploads\/2020\/03\/P21-la-multiplication-812x1024.jpg 812w, https:\/\/ecole-stjoseph-saffre.fr\/wp-content\/uploads\/2020\/03\/P21-la-multiplication-238x300.jpg 238w, https:\/\/ecole-stjoseph-saffre.fr\/wp-content\/uploads\/2020\/03\/P21-la-multiplication-768x969.jpg 768w, https:\/\/ecole-stjoseph-saffre.fr\/wp-content\/uploads\/2020\/03\/P21-la-multiplication.jpg 975w\" sizes=\"(max-width: 812px) 100vw, 812px\" \/><\/a><\/p>\n","protected":false},"excerpt":{"rendered":"<p>Bonjour, Voici le travail donn\u00e9 aux enfants pour la journ\u00e9e du lundi 16 mars. L&#8217;\u00e9cole est ouverte aux heures de classe, vous y trouverez la version papier de ce travail si vous ne pouvez pas l&#8217;imprimer. Il \u00e9tait convenu, avec les coll\u00e8gues de r\u00e9cup\u00e9rer ce travail dans la bo\u00eete aux lettres de l&#8217;\u00e9cole sous enveloppe&hellip; <br \/> <a class=\"read-more\" href=\"https:\/\/ecole-stjoseph-saffre.fr\/?p=6247\">Lire la suite<\/a><\/p>\n","protected":false},"author":6,"featured_media":0,"comment_status":"closed","ping_status":"closed","sticky":false,"template":"","format":"standard","meta":{"ngg_post_thumbnail":0,"footnotes":""},"categories":[6],"tags":[98],"_links":{"self":[{"href":"https:\/\/ecole-stjoseph-saffre.fr\/index.php?rest_route=\/wp\/v2\/posts\/6247"}],"collection":[{"href":"https:\/\/ecole-stjoseph-saffre.fr\/index.php?rest_route=\/wp\/v2\/posts"}],"about":[{"href":"https:\/\/ecole-stjoseph-saffre.fr\/index.php?rest_route=\/wp\/v2\/types\/post"}],"author":[{"embeddable":true,"href":"https:\/\/ecole-stjoseph-saffre.fr\/index.php?rest_route=\/wp\/v2\/users\/6"}],"replies":[{"embeddable":true,"href":"https:\/\/ecole-stjoseph-saffre.fr\/index.php?rest_route=%2Fwp%2Fv2%2Fcomments&post=6247"}],"version-history":[{"count":5,"href":"https:\/\/ecole-stjoseph-saffre.fr\/index.php?rest_route=\/wp\/v2\/posts\/6247\/revisions"}],"predecessor-version":[{"id":6279,"href":"https:\/\/ecole-stjoseph-saffre.fr\/index.php?rest_route=\/wp\/v2\/posts\/6247\/revisions\/6279"}],"wp:attachment":[{"href":"https:\/\/ecole-stjoseph-saffre.fr\/index.php?rest_route=%2Fwp%2Fv2%2Fmedia&parent=6247"}],"wp:term":[{"taxonomy":"category","embeddable":true,"href":"https:\/\/ecole-stjoseph-saffre.fr\/index.php?rest_route=%2Fwp%2Fv2%2Fcategories&post=6247"},{"taxonomy":"post_tag","embeddable":true,"href":"https:\/\/ecole-stjoseph-saffre.fr\/index.php?rest_route=%2Fwp%2Fv2%2Ftags&post=6247"}],"curies":[{"name":"wp","href":"https:\/\/api.w.org\/{rel}","templated":true}]}}