{"id":6686,"date":"2020-09-01T16:02:47","date_gmt":"2020-09-01T15:02:47","guid":{"rendered":"https:\/\/ecole-stjoseph-saffre.fr\/?p=6686"},"modified":"2020-09-01T16:03:15","modified_gmt":"2020-09-01T15:03:15","slug":"vide-grenier-edition-2020-annulee","status":"publish","type":"post","link":"https:\/\/ecole-stjoseph-saffre.fr\/?p=6686","title":{"rendered":"Vide grenier \u00e9dition 2020 annul\u00e9e"},"content":{"rendered":"<div class=\"entry-content\">\n<p><strong>Le vide-grenier initialement programm\u00e9 dimanche 27 septembre n\u2019aura finalement pas lieu.<\/strong><\/p>\n<p>Pour la 2\u00e8me ann\u00e9e cons\u00e9cutive donc, nous ne pourrons pas organiser cette manifestation&#8230; \ud83d\ude41<\/p>\n<p>Merci de diffuser l\u2019info dans votre entourage.<\/p>\n<\/div>\n","protected":false},"excerpt":{"rendered":"<p>Le vide-grenier initialement programm\u00e9 dimanche 27 septembre n\u2019aura finalement pas lieu. Pour la 2\u00e8me ann\u00e9e cons\u00e9cutive donc, nous ne pourrons pas organiser cette manifestation&#8230; \ud83d\ude41 Merci de diffuser l\u2019info dans votre entourage.<\/p>\n","protected":false},"author":10,"featured_media":6687,"comment_status":"closed","ping_status":"closed","sticky":false,"template":"","format":"standard","meta":{"ngg_post_thumbnail":0,"footnotes":""},"categories":[13],"tags":[81,62,105],"_links":{"self":[{"href":"https:\/\/ecole-stjoseph-saffre.fr\/index.php?rest_route=\/wp\/v2\/posts\/6686"}],"collection":[{"href":"https:\/\/ecole-stjoseph-saffre.fr\/index.php?rest_route=\/wp\/v2\/posts"}],"about":[{"href":"https:\/\/ecole-stjoseph-saffre.fr\/index.php?rest_route=\/wp\/v2\/types\/post"}],"author":[{"embeddable":true,"href":"https:\/\/ecole-stjoseph-saffre.fr\/index.php?rest_route=\/wp\/v2\/users\/10"}],"replies":[{"embeddable":true,"href":"https:\/\/ecole-stjoseph-saffre.fr\/index.php?rest_route=%2Fwp%2Fv2%2Fcomments&post=6686"}],"version-history":[{"count":3,"href":"https:\/\/ecole-stjoseph-saffre.fr\/index.php?rest_route=\/wp\/v2\/posts\/6686\/revisions"}],"predecessor-version":[{"id":6690,"href":"https:\/\/ecole-stjoseph-saffre.fr\/index.php?rest_route=\/wp\/v2\/posts\/6686\/revisions\/6690"}],"wp:featuredmedia":[{"embeddable":true,"href":"https:\/\/ecole-stjoseph-saffre.fr\/index.php?rest_route=\/wp\/v2\/media\/6687"}],"wp:attachment":[{"href":"https:\/\/ecole-stjoseph-saffre.fr\/index.php?rest_route=%2Fwp%2Fv2%2Fmedia&parent=6686"}],"wp:term":[{"taxonomy":"category","embeddable":true,"href":"https:\/\/ecole-stjoseph-saffre.fr\/index.php?rest_route=%2Fwp%2Fv2%2Fcategories&post=6686"},{"taxonomy":"post_tag","embeddable":true,"href":"https:\/\/ecole-stjoseph-saffre.fr\/index.php?rest_route=%2Fwp%2Fv2%2Ftags&post=6686"}],"curies":[{"name":"wp","href":"https:\/\/api.w.org\/{rel}","templated":true}]}}