{"id":7429,"date":"2021-07-15T08:46:01","date_gmt":"2021-07-15T07:46:01","guid":{"rendered":"https:\/\/ecole-stjoseph-saffre.fr\/?p=7429"},"modified":"2021-09-16T07:13:55","modified_gmt":"2021-09-16T06:13:55","slug":"vide-greniers-26-septembre-2021-bulletins-dinscription-en-ligne","status":"publish","type":"post","link":"https:\/\/ecole-stjoseph-saffre.fr\/?p=7429","title":{"rendered":"Vide greniers 26 septembre 2021 \u2013 bulletins d\u2019inscription en ligne !"},"content":{"rendered":"<h3>L\u2019Ogec de l\u2019Ecole Saint-Joseph organise son vide-greniers ouvert aux particuliers et aux professionnels le :<\/h3>\n<h2><strong>Dimanche 26 septembre 2021 de 9h00 \u00e0 18h00<\/strong><\/h2>\n<h2 style=\"text-align: left;\"><strong>au Parc du Ch\u00e2teau.<\/strong><\/h2>\n<h4>Prix du m\u00e8tre lin\u00e9aire : 2,50 euros (5 m\u00e8tres minimum par v\u00e9hicule)<a href=\"https:\/\/ecole-stjoseph-saffre.fr\/wp-content\/uploads\/2017\/09\/vide_greniers2.jpg\"><img loading=\"lazy\" decoding=\"async\" class=\"alignright wp-image-3646\" src=\"https:\/\/ecole-stjoseph-saffre.fr\/wp-content\/uploads\/2017\/09\/vide_greniers2.jpg\" alt=\"\" width=\"154\" height=\"138\" srcset=\"https:\/\/ecole-stjoseph-saffre.fr\/wp-content\/uploads\/2017\/09\/vide_greniers2.jpg 316w, https:\/\/ecole-stjoseph-saffre.fr\/wp-content\/uploads\/2017\/09\/vide_greniers2-300x269.jpg 300w\" sizes=\"(max-width: 154px) 100vw, 154px\" \/><br \/>\n<\/a>Entr\u00e9e gratuite pour les visiteurs.<br \/>\nSur place, restauration rapide et buvette.<\/h4>\n<h3><strong>Masque obligatoire. Pass sanitaire obligatoire seulement pour le bar<\/strong><\/h3>\n<h3>Renseignements et inscriptions aupr\u00e8s de Ga\u00ebl LOQUET au 06.12.90.65.55<\/h3>\n<h3><strong>Les bulletins sont t\u00e9l\u00e9chargeables directement ci-dessous :<\/strong><\/h3>\n<p><strong>Exemplaire pour les particuliers<\/strong><\/p>\n<iframe src=\"\/\/docs.google.com\/viewer?url=https%3A%2F%2Fecole-stjoseph-saffre.fr%2Fwp-content%2Fuploads%2F2021%2F07%2Fbulletin-inscription-particulier-2021.pdf&hl=fr&embedded=true\" class=\"gde-frame\" style=\"width:100%; height:500px; border: none;\" scrolling=\"no\"><\/iframe>\n<p class=\"gde-text\"><a href=\"https:\/\/ecole-stjoseph-saffre.fr\/wp-content\/uploads\/2021\/07\/bulletin-inscription-particulier-2021.pdf\" class=\"gde-link\">T\u00e9l\u00e9charger (PDF, 159KB)<\/a><\/p>\n<p><strong>Exemplaire pour les professionnels<\/strong><\/p>\n<iframe src=\"\/\/docs.google.com\/viewer?url=https%3A%2F%2Fecole-stjoseph-saffre.fr%2Fwp-content%2Fuploads%2F2021%2F07%2Fbulletin-inscription-professionnel-2021.pdf&hl=fr&embedded=true\" class=\"gde-frame\" style=\"width:100%; height:500px; border: none;\" scrolling=\"no\"><\/iframe>\n<p class=\"gde-text\"><a href=\"https:\/\/ecole-stjoseph-saffre.fr\/wp-content\/uploads\/2021\/07\/bulletin-inscription-professionnel-2021.pdf\" class=\"gde-link\">T\u00e9l\u00e9charger (PDF, 159KB)<\/a><\/p>\n","protected":false},"excerpt":{"rendered":"<p>L\u2019Ogec de l\u2019Ecole Saint-Joseph organise son vide-greniers ouvert aux particuliers et aux professionnels le : Dimanche 26 septembre 2021 de 9h00 \u00e0 18h00 au Parc du Ch\u00e2teau. Prix du m\u00e8tre lin\u00e9aire : 2,50 euros (5 m\u00e8tres minimum par v\u00e9hicule) Entr\u00e9e gratuite pour les visiteurs. Sur place, restauration rapide et buvette. Masque obligatoire. Pass sanitaire obligatoire&hellip; <br \/> <a class=\"read-more\" href=\"https:\/\/ecole-stjoseph-saffre.fr\/?p=7429\">Lire la suite<\/a><\/p>\n","protected":false},"author":10,"featured_media":2076,"comment_status":"closed","ping_status":"closed","sticky":false,"template":"","format":"standard","meta":{"ngg_post_thumbnail":0,"footnotes":""},"categories":[15,13],"tags":[121,62,105,54],"_links":{"self":[{"href":"https:\/\/ecole-stjoseph-saffre.fr\/index.php?rest_route=\/wp\/v2\/posts\/7429"}],"collection":[{"href":"https:\/\/ecole-stjoseph-saffre.fr\/index.php?rest_route=\/wp\/v2\/posts"}],"about":[{"href":"https:\/\/ecole-stjoseph-saffre.fr\/index.php?rest_route=\/wp\/v2\/types\/post"}],"author":[{"embeddable":true,"href":"https:\/\/ecole-stjoseph-saffre.fr\/index.php?rest_route=\/wp\/v2\/users\/10"}],"replies":[{"embeddable":true,"href":"https:\/\/ecole-stjoseph-saffre.fr\/index.php?rest_route=%2Fwp%2Fv2%2Fcomments&post=7429"}],"version-history":[{"count":5,"href":"https:\/\/ecole-stjoseph-saffre.fr\/index.php?rest_route=\/wp\/v2\/posts\/7429\/revisions"}],"predecessor-version":[{"id":7555,"href":"https:\/\/ecole-stjoseph-saffre.fr\/index.php?rest_route=\/wp\/v2\/posts\/7429\/revisions\/7555"}],"wp:featuredmedia":[{"embeddable":true,"href":"https:\/\/ecole-stjoseph-saffre.fr\/index.php?rest_route=\/wp\/v2\/media\/2076"}],"wp:attachment":[{"href":"https:\/\/ecole-stjoseph-saffre.fr\/index.php?rest_route=%2Fwp%2Fv2%2Fmedia&parent=7429"}],"wp:term":[{"taxonomy":"category","embeddable":true,"href":"https:\/\/ecole-stjoseph-saffre.fr\/index.php?rest_route=%2Fwp%2Fv2%2Fcategories&post=7429"},{"taxonomy":"post_tag","embeddable":true,"href":"https:\/\/ecole-stjoseph-saffre.fr\/index.php?rest_route=%2Fwp%2Fv2%2Ftags&post=7429"}],"curies":[{"name":"wp","href":"https:\/\/api.w.org\/{rel}","templated":true}]}}