{"id":7541,"date":"2021-09-16T07:11:39","date_gmt":"2021-09-16T06:11:39","guid":{"rendered":"https:\/\/ecole-stjoseph-saffre.fr\/?p=7541"},"modified":"2021-09-16T11:49:22","modified_gmt":"2021-09-16T10:49:22","slug":"operation-chocolats-jeff-de-bruges-decembre-2021","status":"publish","type":"post","link":"https:\/\/ecole-stjoseph-saffre.fr\/?p=7541","title":{"rendered":"Op\u00e9ration Chocolats Jeff de Bruges D\u00e9cembre 2021"},"content":{"rendered":"<p>Cette ann\u00e9e \u00e0 l\u2019occasion du<span style=\"color: #000000\"> march\u00e9 de No\u00ebl<\/span>, qui aura lieu le <strong>samedi 4 d\u00e9cembre 2021<\/strong>, l\u2019OGEC s\u2019associe \u00e0 l\u2019enseigne Jeff de Bruges et vous propose une belle s\u00e9lection de chocolats, dont les prix sont identiques \u00e0 ceux propos\u00e9s en boutique.<\/p>\n<p>Vous pouvez ainsi commander des chocolats de No\u00ebl pour vous, vos proches, voisins, amis, coll\u00e8gues \u00e0 l\u2019aide du catalogue et du bon de commande ci-dessous.<\/p>\n<p>Une fois le bon de commande rempli, il suffira de le faire passer dans le cartable de vos enfants ou de la d\u00e9poser dans la boite aux lettres de l\u2019\u00e9cole accompagn\u00e9 d\u2019un ch\u00e8que \u00e0 l&#8217;ordre de \u00ab OGEC Saffr\u00e9 \u00bb, le tout dans une enveloppe au nom de \u00ab OGEC chocolats \u00bb <strong><u>avant le 31 octobre 2021.<\/u><\/strong><\/p>\n<p><strong>Vous pourrez r\u00e9cup\u00e9rer vos commandes de chocolats lors du March\u00e9 de No\u00ebl.<\/strong><\/p>\n<p>Merci \u00e0 tous pour votre attention et pour v<iframe src=\"\/\/docs.google.com\/viewer?url=https%3A%2F%2Fecole-stjoseph-saffre.fr%2Fwp-content%2Fuploads%2F2021%2F09%2FCatalogue-Ecoles-et-Associations-Jeff-de-Bruges-Noel-2021.pdf&hl=fr&embedded=true\" class=\"gde-frame\" style=\"width:100%; height:500px; border: none;\" scrolling=\"no\"><\/iframe>\n<p class=\"gde-text\"><a href=\"https:\/\/ecole-stjoseph-saffre.fr\/wp-content\/uploads\/2021\/09\/Catalogue-Ecoles-et-Associations-Jeff-de-Bruges-Noel-2021.pdf\" class=\"gde-link\">T\u00e9l\u00e9charger (PDF, 4.9Mo)<\/a><\/p> <iframe src=\"\/\/docs.google.com\/viewer?url=https%3A%2F%2Fecole-stjoseph-saffre.fr%2Fwp-content%2Fuploads%2F2021%2F09%2FBon-de-commande-Noel-2021-Familles.pdf&hl=fr&embedded=true\" class=\"gde-frame\" style=\"width:100%; height:500px; border: none;\" scrolling=\"no\"><\/iframe>\n<p class=\"gde-text\"><a href=\"https:\/\/ecole-stjoseph-saffre.fr\/wp-content\/uploads\/2021\/09\/Bon-de-commande-Noel-2021-Familles.pdf\" class=\"gde-link\">T\u00e9l\u00e9charger (PDF, 320KB)<\/a><\/p>os commandes&nbsp;!<\/p>\n<p><em>Les membres de l&#8217;OGEC<\/em><\/p>\n<p><\/p>\n\n","protected":false},"excerpt":{"rendered":"<p>Cette ann\u00e9e \u00e0 l\u2019occasion du march\u00e9 de No\u00ebl, qui aura lieu le samedi 4 d\u00e9cembre 2021, l\u2019OGEC s\u2019associe \u00e0 l\u2019enseigne Jeff de Bruges et vous propose une belle s\u00e9lection de chocolats, dont les prix sont identiques \u00e0 ceux propos\u00e9s en boutique. Vous pouvez ainsi commander des chocolats de No\u00ebl pour vous, vos proches, voisins, amis,&hellip; <br \/> <a class=\"read-more\" href=\"https:\/\/ecole-stjoseph-saffre.fr\/?p=7541\">Lire la suite<\/a><\/p>\n","protected":false},"author":10,"featured_media":0,"comment_status":"closed","ping_status":"closed","sticky":false,"template":"","format":"standard","meta":{"ngg_post_thumbnail":0,"footnotes":""},"categories":[13],"tags":[],"_links":{"self":[{"href":"https:\/\/ecole-stjoseph-saffre.fr\/index.php?rest_route=\/wp\/v2\/posts\/7541"}],"collection":[{"href":"https:\/\/ecole-stjoseph-saffre.fr\/index.php?rest_route=\/wp\/v2\/posts"}],"about":[{"href":"https:\/\/ecole-stjoseph-saffre.fr\/index.php?rest_route=\/wp\/v2\/types\/post"}],"author":[{"embeddable":true,"href":"https:\/\/ecole-stjoseph-saffre.fr\/index.php?rest_route=\/wp\/v2\/users\/10"}],"replies":[{"embeddable":true,"href":"https:\/\/ecole-stjoseph-saffre.fr\/index.php?rest_route=%2Fwp%2Fv2%2Fcomments&post=7541"}],"version-history":[{"count":5,"href":"https:\/\/ecole-stjoseph-saffre.fr\/index.php?rest_route=\/wp\/v2\/posts\/7541\/revisions"}],"predecessor-version":[{"id":7553,"href":"https:\/\/ecole-stjoseph-saffre.fr\/index.php?rest_route=\/wp\/v2\/posts\/7541\/revisions\/7553"}],"wp:attachment":[{"href":"https:\/\/ecole-stjoseph-saffre.fr\/index.php?rest_route=%2Fwp%2Fv2%2Fmedia&parent=7541"}],"wp:term":[{"taxonomy":"category","embeddable":true,"href":"https:\/\/ecole-stjoseph-saffre.fr\/index.php?rest_route=%2Fwp%2Fv2%2Fcategories&post=7541"},{"taxonomy":"post_tag","embeddable":true,"href":"https:\/\/ecole-stjoseph-saffre.fr\/index.php?rest_route=%2Fwp%2Fv2%2Ftags&post=7541"}],"curies":[{"name":"wp","href":"https:\/\/api.w.org\/{rel}","templated":true}]}}