{"id":7792,"date":"2022-03-07T08:03:07","date_gmt":"2022-03-07T07:03:07","guid":{"rendered":"https:\/\/ecole-stjoseph-saffre.fr\/?p=7792"},"modified":"2022-03-07T08:03:07","modified_gmt":"2022-03-07T07:03:07","slug":"operation-fromages-et-jus-de-pomme","status":"publish","type":"post","link":"https:\/\/ecole-stjoseph-saffre.fr\/?p=7792","title":{"rendered":"OPERATION FROMAGES ET JUS DE POMME"},"content":{"rendered":"<p><a href=\"https:\/\/ecole-stjoseph-saffre.fr\/?attachment_id=7790\" rel=\"attachment wp-att-7790\"><img loading=\"lazy\" decoding=\"async\" class=\"aligncenter size-full wp-image-7790\" src=\"https:\/\/ecole-stjoseph-saffre.fr\/wp-content\/uploads\/2022\/03\/unnamed.png\" alt=\"\" width=\"275\" height=\"183\" srcset=\"https:\/\/ecole-stjoseph-saffre.fr\/wp-content\/uploads\/2022\/03\/unnamed.png 275w, https:\/\/ecole-stjoseph-saffre.fr\/wp-content\/uploads\/2022\/03\/unnamed-272x182.png 272w\" sizes=\"(max-width: 275px) 100vw, 275px\" \/><\/a><\/p>\n<p style=\"text-align: justify\">L\u2019OGEC envisage une <strong>commande de fromages et de jus de pommes<\/strong> directement chez des producteurs.<\/p>\n<p style=\"text-align: justify\">Merci de nous retourner votre <strong><u>commande<\/u><\/strong><u> <strong>AVANT le vendredi 18 mars 2022 inclus<\/strong><\/u><\/p>\n<p style=\"text-align: justify\">accompagn\u00e9e de son r\u00e8glement (r\u00e8glement \u00e0 l\u2019ordre de l\u2019OGEC).<\/p>\n<p style=\"text-align: justify\"><em>Le <strong>retrait<\/strong> des commandes se fera <strong>le samedi 02 avril au march\u00e9 de printemps (9h &#8211; 12h)<\/strong>.<\/em><\/p>\n<p><a href=\"https:\/\/ecole-stjoseph-saffre.fr\/?attachment_id=7783\" rel=\"attachment wp-att-7783\">Bon de commande<\/a><\/p>\n","protected":false},"excerpt":{"rendered":"<p>L\u2019OGEC envisage une commande de fromages et de jus de pommes directement chez des producteurs. Merci de nous retourner votre commande AVANT le vendredi 18 mars 2022 inclus accompagn\u00e9e de son r\u00e8glement (r\u00e8glement \u00e0 l\u2019ordre de l\u2019OGEC). Le retrait des commandes se fera le samedi 02 avril au march\u00e9 de printemps (9h &#8211; 12h). Bon&hellip; <br \/> <a class=\"read-more\" href=\"https:\/\/ecole-stjoseph-saffre.fr\/?p=7792\">Lire la suite<\/a><\/p>\n","protected":false},"author":2,"featured_media":0,"comment_status":"closed","ping_status":"closed","sticky":false,"template":"","format":"standard","meta":{"ngg_post_thumbnail":0,"footnotes":""},"categories":[1,13],"tags":[],"_links":{"self":[{"href":"https:\/\/ecole-stjoseph-saffre.fr\/index.php?rest_route=\/wp\/v2\/posts\/7792"}],"collection":[{"href":"https:\/\/ecole-stjoseph-saffre.fr\/index.php?rest_route=\/wp\/v2\/posts"}],"about":[{"href":"https:\/\/ecole-stjoseph-saffre.fr\/index.php?rest_route=\/wp\/v2\/types\/post"}],"author":[{"embeddable":true,"href":"https:\/\/ecole-stjoseph-saffre.fr\/index.php?rest_route=\/wp\/v2\/users\/2"}],"replies":[{"embeddable":true,"href":"https:\/\/ecole-stjoseph-saffre.fr\/index.php?rest_route=%2Fwp%2Fv2%2Fcomments&post=7792"}],"version-history":[{"count":3,"href":"https:\/\/ecole-stjoseph-saffre.fr\/index.php?rest_route=\/wp\/v2\/posts\/7792\/revisions"}],"predecessor-version":[{"id":7797,"href":"https:\/\/ecole-stjoseph-saffre.fr\/index.php?rest_route=\/wp\/v2\/posts\/7792\/revisions\/7797"}],"wp:attachment":[{"href":"https:\/\/ecole-stjoseph-saffre.fr\/index.php?rest_route=%2Fwp%2Fv2%2Fmedia&parent=7792"}],"wp:term":[{"taxonomy":"category","embeddable":true,"href":"https:\/\/ecole-stjoseph-saffre.fr\/index.php?rest_route=%2Fwp%2Fv2%2Fcategories&post=7792"},{"taxonomy":"post_tag","embeddable":true,"href":"https:\/\/ecole-stjoseph-saffre.fr\/index.php?rest_route=%2Fwp%2Fv2%2Ftags&post=7792"}],"curies":[{"name":"wp","href":"https:\/\/api.w.org\/{rel}","templated":true}]}}