{"id":7822,"date":"2022-03-30T13:10:28","date_gmt":"2022-03-30T12:10:28","guid":{"rendered":"https:\/\/ecole-stjoseph-saffre.fr\/?p=7822"},"modified":"2022-03-30T13:10:28","modified_gmt":"2022-03-30T12:10:28","slug":"fevrier-chez-les-petits","status":"publish","type":"post","link":"https:\/\/ecole-stjoseph-saffre.fr\/?p=7822","title":{"rendered":"F\u00e9vrier chez les petits"},"content":{"rendered":"<p>Nous revoil\u00e0, la ma\u00eetresse et tous les enfants en pleine forme ! \ud83d\ude42&nbsp;<\/p>\n<p>Nous sommes heureux d&#8217;apprendre encore plein de nouvelles choses. Nous terminons vite notre travail sur l&#8217;hiver avant l&#8217;arriv\u00e9e du printemps, on a m\u00eame fabriqu\u00e9 un gla\u00e7on ! Nous avons bien grandi, et nous cherchons notre pr\u00e9nom sans la photo, on apprend \u00e0 reconnaitre les lettres.&nbsp;<\/p>\n<iframe src=\"\/\/docs.google.com\/viewer?url=https%3A%2F%2Fecole-stjoseph-saffre.fr%2Fwp-content%2Fuploads%2F2022%2F03%2FFEVRIER.pdf&hl=fr&embedded=true\" class=\"gde-frame\" style=\"width:100%; height:500px; border: none;\" scrolling=\"no\"><\/iframe>\n<p class=\"gde-text\"><a href=\"https:\/\/ecole-stjoseph-saffre.fr\/wp-content\/uploads\/2022\/03\/FEVRIER.pdf\" class=\"gde-link\">T\u00e9l\u00e9charger (PDF, 2.1Mo)<\/a><\/p>\n","protected":false},"excerpt":{"rendered":"<p>Nous revoil\u00e0, la ma\u00eetresse et tous les enfants en pleine forme ! \ud83d\ude42&nbsp; Nous sommes heureux d&#8217;apprendre encore plein de nouvelles choses. Nous terminons vite notre travail sur l&#8217;hiver avant l&#8217;arriv\u00e9e du printemps, on a m\u00eame fabriqu\u00e9 un gla\u00e7on ! Nous avons bien grandi, et nous cherchons notre pr\u00e9nom sans la photo, on apprend \u00e0&hellip; <br \/> <a class=\"read-more\" href=\"https:\/\/ecole-stjoseph-saffre.fr\/?p=7822\">Lire la suite<\/a><\/p>\n","protected":false},"author":12,"featured_media":0,"comment_status":"closed","ping_status":"closed","sticky":false,"template":"","format":"standard","meta":{"ngg_post_thumbnail":0,"footnotes":""},"categories":[11],"tags":[],"_links":{"self":[{"href":"https:\/\/ecole-stjoseph-saffre.fr\/index.php?rest_route=\/wp\/v2\/posts\/7822"}],"collection":[{"href":"https:\/\/ecole-stjoseph-saffre.fr\/index.php?rest_route=\/wp\/v2\/posts"}],"about":[{"href":"https:\/\/ecole-stjoseph-saffre.fr\/index.php?rest_route=\/wp\/v2\/types\/post"}],"author":[{"embeddable":true,"href":"https:\/\/ecole-stjoseph-saffre.fr\/index.php?rest_route=\/wp\/v2\/users\/12"}],"replies":[{"embeddable":true,"href":"https:\/\/ecole-stjoseph-saffre.fr\/index.php?rest_route=%2Fwp%2Fv2%2Fcomments&post=7822"}],"version-history":[{"count":1,"href":"https:\/\/ecole-stjoseph-saffre.fr\/index.php?rest_route=\/wp\/v2\/posts\/7822\/revisions"}],"predecessor-version":[{"id":7823,"href":"https:\/\/ecole-stjoseph-saffre.fr\/index.php?rest_route=\/wp\/v2\/posts\/7822\/revisions\/7823"}],"wp:attachment":[{"href":"https:\/\/ecole-stjoseph-saffre.fr\/index.php?rest_route=%2Fwp%2Fv2%2Fmedia&parent=7822"}],"wp:term":[{"taxonomy":"category","embeddable":true,"href":"https:\/\/ecole-stjoseph-saffre.fr\/index.php?rest_route=%2Fwp%2Fv2%2Fcategories&post=7822"},{"taxonomy":"post_tag","embeddable":true,"href":"https:\/\/ecole-stjoseph-saffre.fr\/index.php?rest_route=%2Fwp%2Fv2%2Ftags&post=7822"}],"curies":[{"name":"wp","href":"https:\/\/api.w.org\/{rel}","templated":true}]}}