{"id":8072,"date":"2022-08-13T09:09:43","date_gmt":"2022-08-13T08:09:43","guid":{"rendered":"https:\/\/ecole-stjoseph-saffre.fr\/?p=8072"},"modified":"2022-08-13T09:09:43","modified_gmt":"2022-08-13T08:09:43","slug":"vide-greniers-25-septembre-2022-bulletins-dinscription-en-ligne","status":"publish","type":"post","link":"https:\/\/ecole-stjoseph-saffre.fr\/?p=8072","title":{"rendered":"VIDE GRENIERS 25 SEPTEMBRE 2022 \u2013 BULLETINS D\u2019INSCRIPTION EN LIGNE !"},"content":{"rendered":"<p><a href=\"https:\/\/ecole-stjoseph-saffre.fr\/?attachment_id=2076#main\" rel=\"attachment wp-att-2076\"><img loading=\"lazy\" decoding=\"async\" class=\"size-full wp-image-2076\" src=\"https:\/\/ecole-stjoseph-saffre.fr\/wp-content\/uploads\/2016\/08\/vide_greniers.jpg\" alt=\"\" width=\"460\" height=\"307\" srcset=\"https:\/\/ecole-stjoseph-saffre.fr\/wp-content\/uploads\/2016\/08\/vide_greniers.jpg 460w, https:\/\/ecole-stjoseph-saffre.fr\/wp-content\/uploads\/2016\/08\/vide_greniers-300x200.jpg 300w\" sizes=\"(max-width: 460px) 100vw, 460px\" \/><\/a><\/p>\n<p>L&#8217;OGEC organise son traditionnel vide-grenier, au Ch\u00e2teau de Saffr\u00e9, de 9H00 \u00e0 18H00<br \/>\nOuvert aux particuliers et aux professionnels, avec d\u00e9ballage sur place \u00e0 partir de 7H00. Buvette et restauration sur place, toute la journ\u00e9e.<br \/>\nRenseignements et inscriptions au 06.51.66.47.60. Emmanuel Lefeuvre vous renseignera. Les bulletins particuliers ou professionnels sont disponibles ci-dessous.<\/p>\n<p><a href=\"https:\/\/ecole-stjoseph-saffre.fr\/?attachment_id=8074\" rel=\"attachment wp-att-8074\">bulletin-particuliers-2022<\/a><\/p>\n<p><a href=\"https:\/\/ecole-stjoseph-saffre.fr\/?attachment_id=8075\" rel=\"attachment wp-att-8075\">bulletin-pro-2022<\/a><\/p>\n","protected":false},"excerpt":{"rendered":"<p>L&#8217;OGEC organise son traditionnel vide-grenier, au Ch\u00e2teau de Saffr\u00e9, de 9H00 \u00e0 18H00 Ouvert aux particuliers et aux professionnels, avec d\u00e9ballage sur place \u00e0 partir de 7H00. Buvette et restauration sur place, toute la journ\u00e9e. Renseignements et inscriptions au 06.51.66.47.60. Emmanuel Lefeuvre vous renseignera. Les bulletins particuliers ou professionnels sont disponibles ci-dessous. bulletin-particuliers-2022 bulletin-pro-2022<\/p>\n","protected":false},"author":10,"featured_media":0,"comment_status":"closed","ping_status":"closed","sticky":false,"template":"","format":"standard","meta":{"ngg_post_thumbnail":0,"footnotes":""},"categories":[13],"tags":[],"_links":{"self":[{"href":"https:\/\/ecole-stjoseph-saffre.fr\/index.php?rest_route=\/wp\/v2\/posts\/8072"}],"collection":[{"href":"https:\/\/ecole-stjoseph-saffre.fr\/index.php?rest_route=\/wp\/v2\/posts"}],"about":[{"href":"https:\/\/ecole-stjoseph-saffre.fr\/index.php?rest_route=\/wp\/v2\/types\/post"}],"author":[{"embeddable":true,"href":"https:\/\/ecole-stjoseph-saffre.fr\/index.php?rest_route=\/wp\/v2\/users\/10"}],"replies":[{"embeddable":true,"href":"https:\/\/ecole-stjoseph-saffre.fr\/index.php?rest_route=%2Fwp%2Fv2%2Fcomments&post=8072"}],"version-history":[{"count":3,"href":"https:\/\/ecole-stjoseph-saffre.fr\/index.php?rest_route=\/wp\/v2\/posts\/8072\/revisions"}],"predecessor-version":[{"id":8077,"href":"https:\/\/ecole-stjoseph-saffre.fr\/index.php?rest_route=\/wp\/v2\/posts\/8072\/revisions\/8077"}],"wp:attachment":[{"href":"https:\/\/ecole-stjoseph-saffre.fr\/index.php?rest_route=%2Fwp%2Fv2%2Fmedia&parent=8072"}],"wp:term":[{"taxonomy":"category","embeddable":true,"href":"https:\/\/ecole-stjoseph-saffre.fr\/index.php?rest_route=%2Fwp%2Fv2%2Fcategories&post=8072"},{"taxonomy":"post_tag","embeddable":true,"href":"https:\/\/ecole-stjoseph-saffre.fr\/index.php?rest_route=%2Fwp%2Fv2%2Ftags&post=8072"}],"curies":[{"name":"wp","href":"https:\/\/api.w.org\/{rel}","templated":true}]}}