{"id":8456,"date":"2023-07-14T15:11:26","date_gmt":"2023-07-14T14:11:26","guid":{"rendered":"https:\/\/ecole-stjoseph-saffre.fr\/?p=8456"},"modified":"2024-02-28T11:08:32","modified_gmt":"2024-02-28T10:08:32","slug":"intervention-sur-les-ecrans-et-les-dangers-dinternet","status":"publish","type":"post","link":"https:\/\/ecole-stjoseph-saffre.fr\/?p=8456","title":{"rendered":"Intervention sur les \u00e9crans et les dangers d&#8217;Internet"},"content":{"rendered":"<p>Le vendredi 6 janvier, tous les \u00e9l\u00e8ves de CM ont b\u00e9n\u00e9fici\u00e9 de l&#8217;intervention de l&#8217;adjudant Pasquier de la Brigade MPF ( Maison de la protection des familles).<\/p>\n<p><img loading=\"lazy\" decoding=\"async\" class=\"aligncenter size-medium wp-image-8514\" src=\"https:\/\/ecole-stjoseph-saffre.fr\/wp-content\/uploads\/2023\/07\/20230106_113043-300x169.jpg\" alt=\"\" width=\"300\" height=\"169\" srcset=\"https:\/\/ecole-stjoseph-saffre.fr\/wp-content\/uploads\/2023\/07\/20230106_113043-300x169.jpg 300w, https:\/\/ecole-stjoseph-saffre.fr\/wp-content\/uploads\/2023\/07\/20230106_113043-1024x576.jpg 1024w, https:\/\/ecole-stjoseph-saffre.fr\/wp-content\/uploads\/2023\/07\/20230106_113043-768x432.jpg 768w, https:\/\/ecole-stjoseph-saffre.fr\/wp-content\/uploads\/2023\/07\/20230106_113043-1536x863.jpg 1536w, https:\/\/ecole-stjoseph-saffre.fr\/wp-content\/uploads\/2023\/07\/20230106_113043-2048x1151.jpg 2048w, https:\/\/ecole-stjoseph-saffre.fr\/wp-content\/uploads\/2023\/07\/20230106_113043-1920x1080.jpg 1920w\" sizes=\"(max-width: 300px) 100vw, 300px\" \/><\/p>\n<p>Nous avons parl\u00e9 de la mani\u00e8re dont on utilisait les \u00e9crans et Internet (tablettes, t\u00e9l\u00e9phones, ordinateurs, consoles, t\u00e9l\u00e9s&#8230;).<\/p>\n<p><img loading=\"lazy\" decoding=\"async\" class=\"aligncenter size-medium wp-image-8516\" src=\"https:\/\/ecole-stjoseph-saffre.fr\/wp-content\/uploads\/2023\/07\/20230106_113452-169x300.jpg\" alt=\"\" width=\"169\" height=\"300\" srcset=\"https:\/\/ecole-stjoseph-saffre.fr\/wp-content\/uploads\/2023\/07\/20230106_113452-169x300.jpg 169w, https:\/\/ecole-stjoseph-saffre.fr\/wp-content\/uploads\/2023\/07\/20230106_113452-576x1024.jpg 576w, https:\/\/ecole-stjoseph-saffre.fr\/wp-content\/uploads\/2023\/07\/20230106_113452-768x1366.jpg 768w, https:\/\/ecole-stjoseph-saffre.fr\/wp-content\/uploads\/2023\/07\/20230106_113452-863x1536.jpg 863w, https:\/\/ecole-stjoseph-saffre.fr\/wp-content\/uploads\/2023\/07\/20230106_113452-1151x2048.jpg 1151w, https:\/\/ecole-stjoseph-saffre.fr\/wp-content\/uploads\/2023\/07\/20230106_113452-1024x1822.jpg 1024w, https:\/\/ecole-stjoseph-saffre.fr\/wp-content\/uploads\/2023\/07\/20230106_113452-607x1080.jpg 607w, https:\/\/ecole-stjoseph-saffre.fr\/wp-content\/uploads\/2023\/07\/20230106_113452-scaled.jpg 1439w\" sizes=\"(max-width: 169px) 100vw, 169px\" \/><br \/>\nLe gendarme a rappel\u00e9 que les r\u00e9seaux sociaux \u00e9taient interdits avant 13 ans et qu&#8217;il fallait respecter les pictogrammes car certains contenus ne sont pas adapt\u00e9s \u00e0 notre \u00e2ge.<\/p>\n<p><img loading=\"lazy\" decoding=\"async\" class=\"aligncenter size-medium wp-image-8518\" src=\"https:\/\/ecole-stjoseph-saffre.fr\/wp-content\/uploads\/2023\/07\/20230106_120226-169x300.jpg\" alt=\"\" width=\"169\" height=\"300\" srcset=\"https:\/\/ecole-stjoseph-saffre.fr\/wp-content\/uploads\/2023\/07\/20230106_120226-169x300.jpg 169w, https:\/\/ecole-stjoseph-saffre.fr\/wp-content\/uploads\/2023\/07\/20230106_120226-576x1024.jpg 576w, https:\/\/ecole-stjoseph-saffre.fr\/wp-content\/uploads\/2023\/07\/20230106_120226-768x1366.jpg 768w, https:\/\/ecole-stjoseph-saffre.fr\/wp-content\/uploads\/2023\/07\/20230106_120226-863x1536.jpg 863w, https:\/\/ecole-stjoseph-saffre.fr\/wp-content\/uploads\/2023\/07\/20230106_120226-1151x2048.jpg 1151w, https:\/\/ecole-stjoseph-saffre.fr\/wp-content\/uploads\/2023\/07\/20230106_120226-1024x1822.jpg 1024w, https:\/\/ecole-stjoseph-saffre.fr\/wp-content\/uploads\/2023\/07\/20230106_120226-607x1080.jpg 607w, https:\/\/ecole-stjoseph-saffre.fr\/wp-content\/uploads\/2023\/07\/20230106_120226-scaled.jpg 1439w\" sizes=\"(max-width: 169px) 100vw, 169px\" \/><br \/>\nNous avons appris qu&#8217;il existait de la cyberviolence et qu&#8217;il fallait \u00eatre vigilant lors de nos recherches.<\/p>\n<p><img loading=\"lazy\" decoding=\"async\" class=\"aligncenter size-medium wp-image-8517\" src=\"https:\/\/ecole-stjoseph-saffre.fr\/wp-content\/uploads\/2023\/07\/20230106_120113-169x300.jpg\" alt=\"\" width=\"169\" height=\"300\" srcset=\"https:\/\/ecole-stjoseph-saffre.fr\/wp-content\/uploads\/2023\/07\/20230106_120113-169x300.jpg 169w, https:\/\/ecole-stjoseph-saffre.fr\/wp-content\/uploads\/2023\/07\/20230106_120113-576x1024.jpg 576w, https:\/\/ecole-stjoseph-saffre.fr\/wp-content\/uploads\/2023\/07\/20230106_120113-768x1366.jpg 768w, https:\/\/ecole-stjoseph-saffre.fr\/wp-content\/uploads\/2023\/07\/20230106_120113-863x1536.jpg 863w, https:\/\/ecole-stjoseph-saffre.fr\/wp-content\/uploads\/2023\/07\/20230106_120113-1151x2048.jpg 1151w, https:\/\/ecole-stjoseph-saffre.fr\/wp-content\/uploads\/2023\/07\/20230106_120113-1024x1822.jpg 1024w, https:\/\/ecole-stjoseph-saffre.fr\/wp-content\/uploads\/2023\/07\/20230106_120113-607x1080.jpg 607w, https:\/\/ecole-stjoseph-saffre.fr\/wp-content\/uploads\/2023\/07\/20230106_120113-scaled.jpg 1439w\" sizes=\"(max-width: 169px) 100vw, 169px\" \/><br \/>\nL&#8217;abus d&#8217;\u00e9cran peut entra\u00eener une addiction comme une drague et certains enfants ne font plus la diff\u00e9rence entre le virtuel et le r\u00e9el.<\/p>\n<p>&nbsp;<\/p>\n<p>Les parents peuvent nous prot\u00e9ger avec le contr\u00f4le parental et nous devons apprendre \u00e0 l&#8217;\u00e9cole et \u00e0 la maison \u00e0 \u00eatre responsables face aux \u00e9crans, en limitant notre temps d&#8217;\u00e9cran.<\/p>\n<p><img loading=\"lazy\" decoding=\"async\" class=\"aligncenter size-medium wp-image-8515\" src=\"https:\/\/ecole-stjoseph-saffre.fr\/wp-content\/uploads\/2023\/07\/20230106_113053-169x300.jpg\" alt=\"\" width=\"169\" height=\"300\" srcset=\"https:\/\/ecole-stjoseph-saffre.fr\/wp-content\/uploads\/2023\/07\/20230106_113053-169x300.jpg 169w, https:\/\/ecole-stjoseph-saffre.fr\/wp-content\/uploads\/2023\/07\/20230106_113053-576x1024.jpg 576w, https:\/\/ecole-stjoseph-saffre.fr\/wp-content\/uploads\/2023\/07\/20230106_113053-768x1366.jpg 768w, https:\/\/ecole-stjoseph-saffre.fr\/wp-content\/uploads\/2023\/07\/20230106_113053-863x1536.jpg 863w, https:\/\/ecole-stjoseph-saffre.fr\/wp-content\/uploads\/2023\/07\/20230106_113053-1151x2048.jpg 1151w, https:\/\/ecole-stjoseph-saffre.fr\/wp-content\/uploads\/2023\/07\/20230106_113053-1024x1822.jpg 1024w, https:\/\/ecole-stjoseph-saffre.fr\/wp-content\/uploads\/2023\/07\/20230106_113053-607x1080.jpg 607w, https:\/\/ecole-stjoseph-saffre.fr\/wp-content\/uploads\/2023\/07\/20230106_113053-scaled.jpg 1439w\" sizes=\"(max-width: 169px) 100vw, 169px\" \/><\/p>\n<p>&nbsp;<\/p>\n","protected":false},"excerpt":{"rendered":"<p>Le vendredi 6 janvier, tous les \u00e9l\u00e8ves de CM ont b\u00e9n\u00e9fici\u00e9 de l&#8217;intervention de l&#8217;adjudant Pasquier de la Brigade MPF ( Maison de la protection des familles). Nous avons parl\u00e9 de la mani\u00e8re dont on utilisait les \u00e9crans et Internet (tablettes, t\u00e9l\u00e9phones, ordinateurs, consoles, t\u00e9l\u00e9s&#8230;). Le gendarme a rappel\u00e9 que les r\u00e9seaux sociaux \u00e9taient interdits&hellip; <br \/> <a class=\"read-more\" href=\"https:\/\/ecole-stjoseph-saffre.fr\/?p=8456\">Lire la suite<\/a><\/p>\n","protected":false},"author":7,"featured_media":8514,"comment_status":"closed","ping_status":"closed","sticky":false,"template":"","format":"standard","meta":{"ngg_post_thumbnail":0,"footnotes":""},"categories":[5,1],"tags":[122],"_links":{"self":[{"href":"https:\/\/ecole-stjoseph-saffre.fr\/index.php?rest_route=\/wp\/v2\/posts\/8456"}],"collection":[{"href":"https:\/\/ecole-stjoseph-saffre.fr\/index.php?rest_route=\/wp\/v2\/posts"}],"about":[{"href":"https:\/\/ecole-stjoseph-saffre.fr\/index.php?rest_route=\/wp\/v2\/types\/post"}],"author":[{"embeddable":true,"href":"https:\/\/ecole-stjoseph-saffre.fr\/index.php?rest_route=\/wp\/v2\/users\/7"}],"replies":[{"embeddable":true,"href":"https:\/\/ecole-stjoseph-saffre.fr\/index.php?rest_route=%2Fwp%2Fv2%2Fcomments&post=8456"}],"version-history":[{"count":2,"href":"https:\/\/ecole-stjoseph-saffre.fr\/index.php?rest_route=\/wp\/v2\/posts\/8456\/revisions"}],"predecessor-version":[{"id":8521,"href":"https:\/\/ecole-stjoseph-saffre.fr\/index.php?rest_route=\/wp\/v2\/posts\/8456\/revisions\/8521"}],"wp:featuredmedia":[{"embeddable":true,"href":"https:\/\/ecole-stjoseph-saffre.fr\/index.php?rest_route=\/wp\/v2\/media\/8514"}],"wp:attachment":[{"href":"https:\/\/ecole-stjoseph-saffre.fr\/index.php?rest_route=%2Fwp%2Fv2%2Fmedia&parent=8456"}],"wp:term":[{"taxonomy":"category","embeddable":true,"href":"https:\/\/ecole-stjoseph-saffre.fr\/index.php?rest_route=%2Fwp%2Fv2%2Fcategories&post=8456"},{"taxonomy":"post_tag","embeddable":true,"href":"https:\/\/ecole-stjoseph-saffre.fr\/index.php?rest_route=%2Fwp%2Fv2%2Ftags&post=8456"}],"curies":[{"name":"wp","href":"https:\/\/api.w.org\/{rel}","templated":true}]}}